{"id":24868,"date":"2016-11-15T13:13:59","date_gmt":"2016-11-15T13:13:59","guid":{"rendered":"http:\/\/tv.dms3labs.cat\/el-auditorio-acoge-el-domingo-un-homenaje-a-santa-cecilia-con-un-concierto-de-tres-corales-del-municipio\/"},"modified":"2016-11-15T13:13:59","modified_gmt":"2016-11-15T13:13:59","slug":"el-auditorio-acoge-el-domingo-un-homenaje-a-santa-cecilia-con-un-concierto-de-tres-corales-del-municipio","status":"publish","type":"post","link":"https:\/\/www.elvendrellturisme.com\/es\/el-auditorio-acoge-el-domingo-un-homenaje-a-santa-cecilia-con-un-concierto-de-tres-corales-del-municipio\/","title":{"rendered":"El Auditorio acoge el domingo un homenaje a Santa Cecilia con un concierto de tres corales del municipio"},"content":{"rendered":"<p>Este domingo 20 de noviembre, a las 12 del mediod\u00eda, el Auditorio Pau Casals acoger\u00e1 la conmemoraci\u00f3n de la festividad de Santa Cecilia, patrona de la m\u00fasica, con la participaci\u00f3n de los cantantes de los grupos corales El Petit Estel, el Coro J\u00f3venes Voces y el coraz\u00f3n Orfe\u00f3 Parroquial del Vendrell.<\/p>\n<p>Este concierto es ya tradicional tanto por las corales de El Vendrell, que celebran su fiesta, como para la programaci\u00f3n de Oto\u00f1o del Auditorio Pau Casals. Es una fiesta musical que re\u00fane a diferentes generaciones de cantores para la formaci\u00f3n de cada grupo coral, que se juntan en el canto com\u00fan al final del concierto.<\/p>\n<p>Los diferentes grupos de El Petit Estel est\u00e1n dirigidos por Anna Casas y Laia Rafecas (flautines), Mar Garcia y Llu\u00eds Sierras (Timbalet), Teresa M. Sol\u00e9 y Jordi Sol\u00e9 (Gralles) y Xavier Sol\u00e9 (Tenores).<\/p>\n<p>Entre las piezas que interpretar\u00e1n destacan Me gusta el oto\u00f1o, popular; El Oto\u00f1o que yo conozco, de Damaris Gelabert \/ Eulalia Canal; La Rata de Escala de Ismael Rodr\u00edguez \/ Miquel Desclot; y Caresse sur l&#8217;Oc\u00e9an y Voisin sur ton chemin de C. Barratier \/ B. Coulais, de la banda sonora de la pel\u00edcula Les Choristes (Los ni\u00f1os del coraz\u00f3n).<\/p>\n<p>El Coro J\u00f3venes Voces, dirigido por Xavier Sol\u00e9, interpretar\u00e1 Cinder mi&#8217;o Legan\u00e9s, popular rumana y Signore delle cime de G. Di Marzi.<\/p>\n<p>Por su parte, el Coro Orfe\u00f3n Parroquial de El Vendrell, dirigido por Jordi Sol\u00e9, cantar\u00e1 cuatro piezas entre las que habr\u00e1 Somewhere over the rainbow, de Harold Arlen; o Halleluja del m\u00fasico y compositor recientemente fallecido Leonard Cohen.<\/p>\n<p>El concierto se cerrar\u00e1 con el canto conjunto de todas las corales.<\/p>\n","protected":false},"excerpt":{"rendered":"<p>Este domingo 20 de noviembre, a las 12 del mediod\u00eda, el Auditorio Pau Casals acoger\u00e1 la conmemoraci\u00f3n de la festividad de Santa Cecilia, patrona de la m\u00fasica, con la participaci\u00f3n de los cantantes de los grupos corales El Petit Estel, el Coro J\u00f3venes Voces y el coraz\u00f3n Orfe\u00f3 Parroquial del Vendrell. Este concierto es ya [&hellip;]<\/p>\n","protected":false},"author":1,"featured_media":23235,"comment_status":"open","ping_status":"closed","sticky":false,"template":"","format":"standard","meta":{"_acf_changed":false,"_et_pb_use_builder":"","_et_pb_old_content":"","_et_gb_content_width":"","content-type":"","footnotes":""},"categories":[],"tags":[],"dipi_cpt_category":[],"class_list":["post-24868","post","type-post","status-publish","format-standard","has-post-thumbnail","hentry"],"acf":[],"_links":{"self":[{"href":"https:\/\/www.elvendrellturisme.com\/es\/wp-json\/wp\/v2\/posts\/24868","targetHints":{"allow":["GET"]}}],"collection":[{"href":"https:\/\/www.elvendrellturisme.com\/es\/wp-json\/wp\/v2\/posts"}],"about":[{"href":"https:\/\/www.elvendrellturisme.com\/es\/wp-json\/wp\/v2\/types\/post"}],"author":[{"embeddable":true,"href":"https:\/\/www.elvendrellturisme.com\/es\/wp-json\/wp\/v2\/users\/1"}],"replies":[{"embeddable":true,"href":"https:\/\/www.elvendrellturisme.com\/es\/wp-json\/wp\/v2\/comments?post=24868"}],"version-history":[{"count":0,"href":"https:\/\/www.elvendrellturisme.com\/es\/wp-json\/wp\/v2\/posts\/24868\/revisions"}],"wp:featuredmedia":[{"embeddable":true,"href":"https:\/\/www.elvendrellturisme.com\/es\/wp-json\/wp\/v2\/media\/23235"}],"wp:attachment":[{"href":"https:\/\/www.elvendrellturisme.com\/es\/wp-json\/wp\/v2\/media?parent=24868"}],"wp:term":[{"taxonomy":"category","embeddable":true,"href":"https:\/\/www.elvendrellturisme.com\/es\/wp-json\/wp\/v2\/categories?post=24868"},{"taxonomy":"post_tag","embeddable":true,"href":"https:\/\/www.elvendrellturisme.com\/es\/wp-json\/wp\/v2\/tags?post=24868"},{"taxonomy":"dipi_cpt_category","embeddable":true,"href":"https:\/\/www.elvendrellturisme.com\/es\/wp-json\/wp\/v2\/dipi_cpt_category?post=24868"}],"curies":[{"name":"wp","href":"https:\/\/api.w.org\/{rel}","templated":true}]}}