{"id":24869,"date":"2016-11-18T12:20:52","date_gmt":"2016-11-18T12:20:52","guid":{"rendered":"http:\/\/tv.dms3labs.cat\/se-hace-el-sorteo-entre-todos-los-boletos-recogidos-en-la-feria-de-andorra\/"},"modified":"2016-11-18T12:20:52","modified_gmt":"2016-11-18T12:20:52","slug":"se-hace-el-sorteo-entre-todos-los-boletos-recogidos-en-la-feria-de-andorra","status":"publish","type":"post","link":"https:\/\/www.elvendrellturisme.com\/es\/se-hace-el-sorteo-entre-todos-los-boletos-recogidos-en-la-feria-de-andorra\/","title":{"rendered":"Se hace el sorteo entre todos los boletos recogidos en la Feria de Andorra"},"content":{"rendered":"<p>Hoy, al mediod\u00eda, en el Ayuntamiento de El Vendrell, se ha hecho el sorteo entre todos los boletos recogidos en el stand de Turismo en la Feria de Andorra.<\/p>\n<p>La concejala de Turismo, Eva M. Serrami\u00e0, ha extra\u00eddo las tres boletos ganadores de los premios:<\/p>\n<p>Raul Vidal Mu\u00f1oz<br \/>\n1 noche para dos personas en r\u00e9gimen de alojamiento y desayuno en el Hotel Nuba Comarruga de 4 estrellas + tarjeta Paisaje de los Genios + palo selfie.<\/p>\n<p>Sergi Barrera Llobet<br \/>\n1 fin de semana para dos personas en media pensi\u00f3n en el Gran Hotel Europe + tarjeta Paisaje de los Genios + palo selfie.<\/p>\n<p>Daniela Alexandra Vieira Ribeiro<br \/>\n1 noche en el Hotel Brisamar Suites en r\u00e9gimen de alojamiento + tarjeta Paisaje de los Genios + palo selfie.<\/p>\n<p>La Oficina de Turismo del Vendrell se pondr\u00e1 en contacto con los ganadores para que puedan disfrutar de estas estancias en nuestro municipio.<\/p>\n","protected":false},"excerpt":{"rendered":"<p>Hoy, al mediod\u00eda, en el Ayuntamiento de El Vendrell, se ha hecho el sorteo entre todos los boletos recogidos en el stand de Turismo en la Feria de Andorra. La concejala de Turismo, Eva M. Serrami\u00e0, ha extra\u00eddo las tres boletos ganadores de los premios: Raul Vidal Mu\u00f1oz 1 noche para dos personas en r\u00e9gimen [&hellip;]<\/p>\n","protected":false},"author":1,"featured_media":23237,"comment_status":"open","ping_status":"closed","sticky":false,"template":"","format":"standard","meta":{"_acf_changed":false,"_et_pb_use_builder":"","_et_pb_old_content":"","_et_gb_content_width":"","content-type":"","footnotes":""},"categories":[],"tags":[],"dipi_cpt_category":[],"class_list":["post-24869","post","type-post","status-publish","format-standard","has-post-thumbnail","hentry"],"acf":[],"_links":{"self":[{"href":"https:\/\/www.elvendrellturisme.com\/es\/wp-json\/wp\/v2\/posts\/24869","targetHints":{"allow":["GET"]}}],"collection":[{"href":"https:\/\/www.elvendrellturisme.com\/es\/wp-json\/wp\/v2\/posts"}],"about":[{"href":"https:\/\/www.elvendrellturisme.com\/es\/wp-json\/wp\/v2\/types\/post"}],"author":[{"embeddable":true,"href":"https:\/\/www.elvendrellturisme.com\/es\/wp-json\/wp\/v2\/users\/1"}],"replies":[{"embeddable":true,"href":"https:\/\/www.elvendrellturisme.com\/es\/wp-json\/wp\/v2\/comments?post=24869"}],"version-history":[{"count":0,"href":"https:\/\/www.elvendrellturisme.com\/es\/wp-json\/wp\/v2\/posts\/24869\/revisions"}],"wp:featuredmedia":[{"embeddable":true,"href":"https:\/\/www.elvendrellturisme.com\/es\/wp-json\/wp\/v2\/media\/23237"}],"wp:attachment":[{"href":"https:\/\/www.elvendrellturisme.com\/es\/wp-json\/wp\/v2\/media?parent=24869"}],"wp:term":[{"taxonomy":"category","embeddable":true,"href":"https:\/\/www.elvendrellturisme.com\/es\/wp-json\/wp\/v2\/categories?post=24869"},{"taxonomy":"post_tag","embeddable":true,"href":"https:\/\/www.elvendrellturisme.com\/es\/wp-json\/wp\/v2\/tags?post=24869"},{"taxonomy":"dipi_cpt_category","embeddable":true,"href":"https:\/\/www.elvendrellturisme.com\/es\/wp-json\/wp\/v2\/dipi_cpt_category?post=24869"}],"curies":[{"name":"wp","href":"https:\/\/api.w.org\/{rel}","templated":true}]}}