{"id":24870,"date":"2016-11-25T13:47:09","date_gmt":"2016-11-25T13:47:09","guid":{"rendered":"http:\/\/tv.dms3labs.cat\/los-ciudadanos-del-vendrell-decidiran-por-votacion-popular-7-tesoros-del-patrimonio-cultural-del-municipio\/"},"modified":"2016-11-25T13:47:09","modified_gmt":"2016-11-25T13:47:09","slug":"los-ciudadanos-del-vendrell-decidiran-por-votacion-popular-7-tesoros-del-patrimonio-cultural-del-municipio","status":"publish","type":"post","link":"https:\/\/www.elvendrellturisme.com\/es\/los-ciudadanos-del-vendrell-decidiran-por-votacion-popular-7-tesoros-del-patrimonio-cultural-del-municipio\/","title":{"rendered":"Los ciudadanos del Vendrell decidir\u00e1n, por votaci\u00f3n popular, &#8216;7 tesoros&#8217; del patrimonio cultural del municipio"},"content":{"rendered":"<p>El Ayuntamiento de El Vendrell y la organizaci\u00f3n Capital de la Cultura Catalana han presentado este mi\u00e9rcoles 23 de noviembre en la Casa Nadiua de Pau Casals la campa\u00f1a de elecci\u00f3n y promoci\u00f3n &quot;7 tesoros del patrimonio cultural del Vendrell&quot;. Una iniciativa que va en paralelo a la voluntad del Vendrell de presentar candidatura para convertirse en Capital de la Cultura Catalana en 2020, una designaci\u00f3n organizada por la misma instituci\u00f3n.<\/p>\n<p>El objetivo de esta campa\u00f1a es promover y divulgar el patrimonio cultural del Vendrell de una manera did\u00e1ctica, pedag\u00f3gica, l\u00fadica y motivar la visita a los lugares seleccionados y elegidos. Adem\u00e1s, pretende establecer nuevas rutas tur\u00edsticas que permitan a los visitantes conocer la riqueza patrimonial del Vendrell, al tiempo que se promueve la participaci\u00f3n ciudadana.<\/p>\n<p>La campa\u00f1a se articular\u00e1 en tres fases: una primera, en la que los ciudadanos pueden presentar propuestas de candidatura, desde el 23 de noviembre y hasta el 10 de diciembre. Lo podr\u00e1n hacer enviando su propuesta por correo electr\u00f3nico a info@ccc.cat o bien depositando un boleto en unas urnas que estar\u00e1n ubicadas durante estos d\u00edas en el Ayuntamiento de El Vendrell, el Centro c\u00edvico La Estaci\u00f3n y la Oficina de Turismo.<\/p>\n<p>Las propuestas de elementos patrimoniales que se pueden presentar pueden ser tanto de patrimonio cultural material como inmaterial, natural, gastron\u00f3mico y deportivo. No est\u00e1 contemplada la candidatura de personas a t\u00edtulo individual.<\/p>\n<p>En la segunda fase de la campa\u00f1a, del 12 de diciembre al 28 de diciembre, se someter\u00e1n a votaci\u00f3n ciudadana las candidaturas presentadas y aceptadas. Este proceso de votaci\u00f3n se podr\u00e1 hacer tambi\u00e9n por v\u00eda telem\u00e1tica, rellenando un formulario de votaci\u00f3n disponible en la web www.ccc.cat, o bien, presencialmente, en el Ayuntamiento de El Vendrell, el Centro c\u00edvico La Estaci\u00f3n y la Oficina de Turismo .<\/p>\n<p>En la tercera fase, a partir de la segunda quincena de enero de 2017, se llevar\u00e1 a cabo un acto para entregar un reconocimiento a cada uno de los representantes de los 7 tesoros escogidos. Y tambi\u00e9n se iniciar\u00e1n diferentes acciones de promoci\u00f3n de los elementos elegidos como &quot;7 tesoros del patrimonio cultural de El Vendrell&quot;, tanto en el \u00e1mbito nacional como internacional. Principalmente, se elaborar\u00e1n newsletters en diferentes versiones ling\u00fc\u00edsticas, que se enviar\u00e1n a 600.000 personas de 73 pa\u00edses diferentes, que son las que han participado activamente en alguna de las 27 campa\u00f1as anteriores que la organizaci\u00f3n Capital de la Cultura Catalana han realizado todo el mundo. Tambi\u00e9n se elaborar\u00e1n piezas period\u00edsticas de los 7 tesoros del patrimonio cultural de El Vendrell para publicar en los medios de comunicaci\u00f3n.<\/p>\n<p>En palabras de la concejala de Cultura, Eva M. Serrami\u00e0, &quot;toda esta campa\u00f1a se inscribe en la l\u00ednea que ya lleva a cabo el Ayuntamiento de El Vendrell de seguir haciendo de la cultura, el activo m\u00e1s importante del Vendrell, un elemento de proyecci\u00f3n del municipio, de desarrollo econ\u00f3mico, y sobre todo, de integraci\u00f3n y cohesi\u00f3n social &quot;.<\/p>\n<p>Por su parte, el presidente de la organizaci\u00f3n Capital de la Cultura Catalana, Xavier Tudela, ha destacado la importancia de que sean &quot;los mismos ciudadanos de El Vendrell los que decidan qu\u00e9 es lo m\u00e1s ic\u00f3nico de su patrimonio cultural y aquellos que les servir\u00e1n para presentarse al mundo &quot;.<\/p>\n","protected":false},"excerpt":{"rendered":"<p>El Ayuntamiento de El Vendrell y la organizaci\u00f3n Capital de la Cultura Catalana han presentado este mi\u00e9rcoles 23 de noviembre en la Casa Nadiua de Pau Casals la campa\u00f1a de elecci\u00f3n y promoci\u00f3n &quot;7 tesoros del patrimonio cultural del Vendrell&quot;. Una iniciativa que va en paralelo a la voluntad del Vendrell de presentar candidatura para [&hellip;]<\/p>\n","protected":false},"author":1,"featured_media":23239,"comment_status":"open","ping_status":"closed","sticky":false,"template":"","format":"standard","meta":{"_acf_changed":false,"_et_pb_use_builder":"","_et_pb_old_content":"","_et_gb_content_width":"","content-type":"","footnotes":""},"categories":[],"tags":[],"dipi_cpt_category":[],"class_list":["post-24870","post","type-post","status-publish","format-standard","has-post-thumbnail","hentry"],"acf":[],"_links":{"self":[{"href":"https:\/\/www.elvendrellturisme.com\/es\/wp-json\/wp\/v2\/posts\/24870","targetHints":{"allow":["GET"]}}],"collection":[{"href":"https:\/\/www.elvendrellturisme.com\/es\/wp-json\/wp\/v2\/posts"}],"about":[{"href":"https:\/\/www.elvendrellturisme.com\/es\/wp-json\/wp\/v2\/types\/post"}],"author":[{"embeddable":true,"href":"https:\/\/www.elvendrellturisme.com\/es\/wp-json\/wp\/v2\/users\/1"}],"replies":[{"embeddable":true,"href":"https:\/\/www.elvendrellturisme.com\/es\/wp-json\/wp\/v2\/comments?post=24870"}],"version-history":[{"count":0,"href":"https:\/\/www.elvendrellturisme.com\/es\/wp-json\/wp\/v2\/posts\/24870\/revisions"}],"wp:featuredmedia":[{"embeddable":true,"href":"https:\/\/www.elvendrellturisme.com\/es\/wp-json\/wp\/v2\/media\/23239"}],"wp:attachment":[{"href":"https:\/\/www.elvendrellturisme.com\/es\/wp-json\/wp\/v2\/media?parent=24870"}],"wp:term":[{"taxonomy":"category","embeddable":true,"href":"https:\/\/www.elvendrellturisme.com\/es\/wp-json\/wp\/v2\/categories?post=24870"},{"taxonomy":"post_tag","embeddable":true,"href":"https:\/\/www.elvendrellturisme.com\/es\/wp-json\/wp\/v2\/tags?post=24870"},{"taxonomy":"dipi_cpt_category","embeddable":true,"href":"https:\/\/www.elvendrellturisme.com\/es\/wp-json\/wp\/v2\/dipi_cpt_category?post=24870"}],"curies":[{"name":"wp","href":"https:\/\/api.w.org\/{rel}","templated":true}]}}