{"id":24873,"date":"2016-11-29T10:40:09","date_gmt":"2016-11-29T10:40:09","guid":{"rendered":"http:\/\/tv.dms3labs.cat\/unos-doscientos-vecinos-de-las-playas-votan-los-presupuestos-participativos\/"},"modified":"2016-11-29T10:40:09","modified_gmt":"2016-11-29T10:40:09","slug":"unos-doscientos-vecinos-de-las-playas-votan-los-presupuestos-participativos","status":"publish","type":"post","link":"https:\/\/www.elvendrellturisme.com\/es\/unos-doscientos-vecinos-de-las-playas-votan-los-presupuestos-participativos\/","title":{"rendered":"Unos doscientos vecinos de las playas votan los presupuestos participativos"},"content":{"rendered":"<p>Este mediod\u00eda, en la Sala de Plenos del Ayuntamiento de El Vendrell, el alcalde de El Vendrell, Mart\u00ed Carnicer, y el concejal de Participaci\u00f3n Ciudadana, Fernando Trillas, han hecho una valoraci\u00f3n de las votaciones del presupuesto participativo en las playas, que se han llevado a cabo entre el pasado viernes y s\u00e1bado en el Centro c\u00edvico de Coma-ruga.<\/p>\n<p>Los vecinos de las playas estaban convocados para decidir las propuestas de inversi\u00f3n y mantenimiento que desean para sus barrios: 3 de hasta 6.000 \u20ac relativas a actuaciones de mantenimiento y 3 de hasta 15.000 \u20ac relativas a inversiones, una actuaci\u00f3n de cada importe cada una de las tres playas.<\/p>\n<p>Tanto el alcalde como el concejal han querido dejar claro que este proceso participativo ha sido una prueba piloto, que servir\u00e1 para encontrar puntos a mejorar en pr\u00f3ximos procesos de este tipo. En concreto, durante los dos d\u00edas de votaciones se han registrado 198 votos v\u00e1lidos y 6 votos nulos, de un censo de 4.870 personas. Una cifra, que seg\u00fan el alcalde de El Vendrell, &quot;es satisfactoria, teniendo en cuenta que el proceso se ha hecho en un tiempo relativamente corto y que era la primera vez que se tiraba adelante una iniciativa de este tipo&quot;.<\/p>\n<p>Las propuestas seleccionadas con m\u00e1s votos, y que hab\u00edan sido formuladas por las asociaciones de vecinos de las playas y validadas por los t\u00e9cnicos municipales, ser\u00e1n las que el Ayuntamiento de El Vendrell ha comprometido a llevar a cabo.<\/p>\n<p>En cuanto a inversi\u00f3n, las propuestas ganadoras han sido:<\/p>\n<p>-San Salvador: instalar un circuito de aparatos biosaludables y elementos deportivos (ubicaci\u00f3n a determinar), con 23 votos.<\/p>\n<p>-como-Ruga: instalar un circuito de aparatos biosaludables y elementos deportivos (ubicaci\u00f3n a determinar), con 38 votos.<\/p>\n<p>-El Franc\u00e0s: colocar papeleras, paneles informativos y se\u00f1alizar el barrio, con 26 votos.<\/p>\n<p>Y respecto a las propuestas de mantenimiento, las ganadoras han sido:<\/p>\n<p>-San Salvador: mantenimiento de los parques infantiles de la Ermita y \/ o de la c \/ Marinada, con 19 votos.<\/p>\n<p>-como-Ruga: mantenimiento del paso subterr\u00e1neo para peatones de la calle de la Estaci\u00f3n de Comarruga: iluminar, sanear paredes y pintarlas, con 79 votos.<\/p>\n<p>-El Franc\u00e0s: mantenimiento del paso por debajo de la v\u00eda entre la c \/ Joan Puig i Ferrater y el Paseo Mar\u00edtimo Mas\u00eda Blanca porque no encharque el agua, con 27 votos.<\/p>\n<p>El concejal de Participaci\u00f3n Ciudadana, Fernando Trillas, lament\u00f3 un problema surgido durante los d\u00edas de votaciones en relaci\u00f3n a la delimitaci\u00f3n del \u00e1mbito con derecho a voto. Trillas ha explicado que el proceso se plante\u00f3 de manera que tanto las actuaciones a desarrollar como los vecinos y vecinas que pod\u00edan votar correspond\u00edan al \u00e1mbito comprendido entre la N-340 y las playas. De hecho, tambi\u00e9n se explicitaba as\u00ed en un mapa del apartado informativo del proceso participativo de la web municipal. Sin embargo, el concejal ha pedido disculpas por si este punto no se comunic\u00f3 adecuadamente a todos los vecinos de los barrios mar\u00edtimos, en referencia a unas 25 personas de los Masos que acudieron a votar y no estaban en el censo.<\/p>\n<p>El concejal ha a\u00f1adido que se convocar\u00e1 una reuni\u00f3n de valoraci\u00f3n con las asociaciones de vecinos y que se sacar\u00e1n las conclusiones sobre los aspectos positivos y negativos del proceso. Ferran Trillas ha agradecido p\u00fablicamente el esfuerzo de t\u00e9cnicos municipales y de las asociaciones de vecinos por la gran colaboraci\u00f3n para llevar a cabo una iniciativa pionera como esta.<\/p>\n","protected":false},"excerpt":{"rendered":"<p>Este mediod\u00eda, en la Sala de Plenos del Ayuntamiento de El Vendrell, el alcalde de El Vendrell, Mart\u00ed Carnicer, y el concejal de Participaci\u00f3n Ciudadana, Fernando Trillas, han hecho una valoraci\u00f3n de las votaciones del presupuesto participativo en las playas, que se han llevado a cabo entre el pasado viernes y s\u00e1bado en el Centro [&hellip;]<\/p>\n","protected":false},"author":1,"featured_media":23245,"comment_status":"open","ping_status":"closed","sticky":false,"template":"","format":"standard","meta":{"_acf_changed":false,"_et_pb_use_builder":"","_et_pb_old_content":"","_et_gb_content_width":"","content-type":"","footnotes":""},"categories":[],"tags":[],"dipi_cpt_category":[],"class_list":["post-24873","post","type-post","status-publish","format-standard","has-post-thumbnail","hentry"],"acf":[],"_links":{"self":[{"href":"https:\/\/www.elvendrellturisme.com\/es\/wp-json\/wp\/v2\/posts\/24873","targetHints":{"allow":["GET"]}}],"collection":[{"href":"https:\/\/www.elvendrellturisme.com\/es\/wp-json\/wp\/v2\/posts"}],"about":[{"href":"https:\/\/www.elvendrellturisme.com\/es\/wp-json\/wp\/v2\/types\/post"}],"author":[{"embeddable":true,"href":"https:\/\/www.elvendrellturisme.com\/es\/wp-json\/wp\/v2\/users\/1"}],"replies":[{"embeddable":true,"href":"https:\/\/www.elvendrellturisme.com\/es\/wp-json\/wp\/v2\/comments?post=24873"}],"version-history":[{"count":0,"href":"https:\/\/www.elvendrellturisme.com\/es\/wp-json\/wp\/v2\/posts\/24873\/revisions"}],"wp:featuredmedia":[{"embeddable":true,"href":"https:\/\/www.elvendrellturisme.com\/es\/wp-json\/wp\/v2\/media\/23245"}],"wp:attachment":[{"href":"https:\/\/www.elvendrellturisme.com\/es\/wp-json\/wp\/v2\/media?parent=24873"}],"wp:term":[{"taxonomy":"category","embeddable":true,"href":"https:\/\/www.elvendrellturisme.com\/es\/wp-json\/wp\/v2\/categories?post=24873"},{"taxonomy":"post_tag","embeddable":true,"href":"https:\/\/www.elvendrellturisme.com\/es\/wp-json\/wp\/v2\/tags?post=24873"},{"taxonomy":"dipi_cpt_category","embeddable":true,"href":"https:\/\/www.elvendrellturisme.com\/es\/wp-json\/wp\/v2\/dipi_cpt_category?post=24873"}],"curies":[{"name":"wp","href":"https:\/\/api.w.org\/{rel}","templated":true}]}}