{"id":24874,"date":"2016-11-30T13:20:11","date_gmt":"2016-11-30T13:20:11","guid":{"rendered":"http:\/\/tv.dms3labs.cat\/el-concejal-de-playas-visita-las-obras-de-la-pasarela-de-san-salvador\/"},"modified":"2016-11-30T13:20:11","modified_gmt":"2016-11-30T13:20:11","slug":"el-concejal-de-playas-visita-las-obras-de-la-pasarela-de-san-salvador","status":"publish","type":"post","link":"https:\/\/www.elvendrellturisme.com\/es\/el-concejal-de-playas-visita-las-obras-de-la-pasarela-de-san-salvador\/","title":{"rendered":"El concejal de Playas visita las obras de la pasarela de San Salvador"},"content":{"rendered":"<p>Hoy por la ma\u00f1ana, el concejal de Playas, Jos\u00e9 Marras\u00e9, ha hecho una visita a las obras de la pasarela de San Salvador, en la desembocadura de la Riera de la Bisbal, que se iniciaron el viernes de la semana pasada.<\/p>\n<p>La obra, a cargo del Servicio Provincial de Costas, tiene un plazo de excuci\u00f3 de tres meses y un pressupots de medio mill\u00f3n de euros. Aparte, de la pasarela por encima del arroyo, que tendr\u00e1 una longitud aproximada de 80 metros, el proyecto tambi\u00e9n contempla una limpieza y saneamientos del espacio de las Madrigueras, la restauraci\u00f3n del sistema de dunas, la creaci\u00f3n de cuatro lagunas y una pantalla vegetal para ocultar la estaci\u00f3n de bombeo.<\/p>\n<p>Jos\u00e9 Marras\u00e9 ha valorado muy positivamente el inicio de estas obras porque dan respuesta a una reivindicaci\u00f3n hist\u00f3rica de los vecinos de la playa de Sant Salvador.<\/p>\n","protected":false},"excerpt":{"rendered":"<p>Hoy por la ma\u00f1ana, el concejal de Playas, Jos\u00e9 Marras\u00e9, ha hecho una visita a las obras de la pasarela de San Salvador, en la desembocadura de la Riera de la Bisbal, que se iniciaron el viernes de la semana pasada. La obra, a cargo del Servicio Provincial de Costas, tiene un plazo de excuci\u00f3 [&hellip;]<\/p>\n","protected":false},"author":1,"featured_media":23247,"comment_status":"open","ping_status":"closed","sticky":false,"template":"","format":"standard","meta":{"_acf_changed":false,"_et_pb_use_builder":"","_et_pb_old_content":"","_et_gb_content_width":"","content-type":"","footnotes":""},"categories":[],"tags":[],"dipi_cpt_category":[],"class_list":["post-24874","post","type-post","status-publish","format-standard","has-post-thumbnail","hentry"],"acf":[],"_links":{"self":[{"href":"https:\/\/www.elvendrellturisme.com\/es\/wp-json\/wp\/v2\/posts\/24874","targetHints":{"allow":["GET"]}}],"collection":[{"href":"https:\/\/www.elvendrellturisme.com\/es\/wp-json\/wp\/v2\/posts"}],"about":[{"href":"https:\/\/www.elvendrellturisme.com\/es\/wp-json\/wp\/v2\/types\/post"}],"author":[{"embeddable":true,"href":"https:\/\/www.elvendrellturisme.com\/es\/wp-json\/wp\/v2\/users\/1"}],"replies":[{"embeddable":true,"href":"https:\/\/www.elvendrellturisme.com\/es\/wp-json\/wp\/v2\/comments?post=24874"}],"version-history":[{"count":0,"href":"https:\/\/www.elvendrellturisme.com\/es\/wp-json\/wp\/v2\/posts\/24874\/revisions"}],"wp:featuredmedia":[{"embeddable":true,"href":"https:\/\/www.elvendrellturisme.com\/es\/wp-json\/wp\/v2\/media\/23247"}],"wp:attachment":[{"href":"https:\/\/www.elvendrellturisme.com\/es\/wp-json\/wp\/v2\/media?parent=24874"}],"wp:term":[{"taxonomy":"category","embeddable":true,"href":"https:\/\/www.elvendrellturisme.com\/es\/wp-json\/wp\/v2\/categories?post=24874"},{"taxonomy":"post_tag","embeddable":true,"href":"https:\/\/www.elvendrellturisme.com\/es\/wp-json\/wp\/v2\/tags?post=24874"},{"taxonomy":"dipi_cpt_category","embeddable":true,"href":"https:\/\/www.elvendrellturisme.com\/es\/wp-json\/wp\/v2\/dipi_cpt_category?post=24874"}],"curies":[{"name":"wp","href":"https:\/\/api.w.org\/{rel}","templated":true}]}}