{"id":24884,"date":"2017-01-11T13:56:26","date_gmt":"2017-01-11T13:56:26","guid":{"rendered":"http:\/\/tv.dms3labs.cat\/nuevo-sistema-de-cierre-de-paso-de-vehiculos-por-el-arroyo-en-caso-de-riadas\/"},"modified":"2017-01-11T13:56:26","modified_gmt":"2017-01-11T13:56:26","slug":"nuevo-sistema-de-cierre-de-paso-de-vehiculos-por-el-arroyo-en-caso-de-riadas","status":"publish","type":"post","link":"https:\/\/www.elvendrellturisme.com\/es\/nuevo-sistema-de-cierre-de-paso-de-vehiculos-por-el-arroyo-en-caso-de-riadas\/","title":{"rendered":"Nuevo sistema de cierre de paso de veh\u00edculos por el arroyo en caso de riadas"},"content":{"rendered":"<p>Esta semana se ha presentado el nuevo sistema de cierre de paso de veh\u00edculos de la Riera de la Bisbal, en su desembocadura en la playa de Sant Salvador, en episodios de riadas.<\/p>\n<p>Hasta ahora, el cierre se hac\u00eda con vallas que, en ocasiones y de forma inc\u00edvica, eran retiradas por algunos conductores para poder pasar y no se volv\u00edan a colocar, lo que supon\u00eda un riesgo para estos conductores y para otros que pasaban posteriormente.<\/p>\n<p>Para evitar esta peligrosidad debido a una actitud inc\u00edvica, desde Protecci\u00f3n Civil se ha cre\u00eddo oportuno la colocaci\u00f3n de un sistema de cierre fijo mediante una cadena. La instalaci\u00f3n ha corrido a cargo de V\u00eda P\u00fablica y el cierre en situaciones de riadas lo continuar\u00e1 haciendo la Polic\u00eda Municipal.<\/p>\n<p>De momento, esta cierre con cadena se ha instalado en la desembocadura de la Riera de la Bisbal, tanto en sentido hacia Calafell como en sentido hacia San Salvador (a la altura del camping).<\/p>\n<p>Pr\u00f3ximamente, este mismo sistema se instalar\u00e1 en el n\u00facleo del Vendrell en puntos que tambi\u00e9n se acumula agua cuando hay lluvias fuertes: uno bajo el puente donde confluyen la Riera de la Bisbal y el Torrent del Lucas, y otro en paso bajo la v\u00eda del tren que comunica la plaza del Mercado con los barrios del Puig y el P\u00e8lag.<\/p>\n<p>El concejal de Gobernaci\u00f3n, Rafael Gos\u00e1lvez, explic\u00f3 que este nuevo sistema de cierre tiene el objetivo de mejorar la seguridad y evitar situaciones de riesgo cuando hay lluvias fuertes y se producen riadas.<\/p>\n","protected":false},"excerpt":{"rendered":"<p>Esta semana se ha presentado el nuevo sistema de cierre de paso de veh\u00edculos de la Riera de la Bisbal, en su desembocadura en la playa de Sant Salvador, en episodios de riadas. Hasta ahora, el cierre se hac\u00eda con vallas que, en ocasiones y de forma inc\u00edvica, eran retiradas por algunos conductores para poder [&hellip;]<\/p>\n","protected":false},"author":1,"featured_media":23267,"comment_status":"open","ping_status":"closed","sticky":false,"template":"","format":"standard","meta":{"_acf_changed":false,"_et_pb_use_builder":"","_et_pb_old_content":"","_et_gb_content_width":"","content-type":"","footnotes":""},"categories":[],"tags":[],"dipi_cpt_category":[],"class_list":["post-24884","post","type-post","status-publish","format-standard","has-post-thumbnail","hentry"],"acf":[],"_links":{"self":[{"href":"https:\/\/www.elvendrellturisme.com\/es\/wp-json\/wp\/v2\/posts\/24884","targetHints":{"allow":["GET"]}}],"collection":[{"href":"https:\/\/www.elvendrellturisme.com\/es\/wp-json\/wp\/v2\/posts"}],"about":[{"href":"https:\/\/www.elvendrellturisme.com\/es\/wp-json\/wp\/v2\/types\/post"}],"author":[{"embeddable":true,"href":"https:\/\/www.elvendrellturisme.com\/es\/wp-json\/wp\/v2\/users\/1"}],"replies":[{"embeddable":true,"href":"https:\/\/www.elvendrellturisme.com\/es\/wp-json\/wp\/v2\/comments?post=24884"}],"version-history":[{"count":0,"href":"https:\/\/www.elvendrellturisme.com\/es\/wp-json\/wp\/v2\/posts\/24884\/revisions"}],"wp:featuredmedia":[{"embeddable":true,"href":"https:\/\/www.elvendrellturisme.com\/es\/wp-json\/wp\/v2\/media\/23267"}],"wp:attachment":[{"href":"https:\/\/www.elvendrellturisme.com\/es\/wp-json\/wp\/v2\/media?parent=24884"}],"wp:term":[{"taxonomy":"category","embeddable":true,"href":"https:\/\/www.elvendrellturisme.com\/es\/wp-json\/wp\/v2\/categories?post=24884"},{"taxonomy":"post_tag","embeddable":true,"href":"https:\/\/www.elvendrellturisme.com\/es\/wp-json\/wp\/v2\/tags?post=24884"},{"taxonomy":"dipi_cpt_category","embeddable":true,"href":"https:\/\/www.elvendrellturisme.com\/es\/wp-json\/wp\/v2\/dipi_cpt_category?post=24884"}],"curies":[{"name":"wp","href":"https:\/\/api.w.org\/{rel}","templated":true}]}}