{"id":24886,"date":"2017-01-14T12:08:02","date_gmt":"2017-01-14T12:08:02","guid":{"rendered":"http:\/\/tv.dms3labs.cat\/el-fangart-festival-de-ceramica-del-vendrell-se-celebrara-el-17-y-18-de-junio-en-san-salvador\/"},"modified":"2017-01-14T12:08:02","modified_gmt":"2017-01-14T12:08:02","slug":"el-fangart-festival-de-ceramica-del-vendrell-se-celebrara-el-17-y-18-de-junio-en-san-salvador","status":"publish","type":"post","link":"https:\/\/www.elvendrellturisme.com\/es\/el-fangart-festival-de-ceramica-del-vendrell-se-celebrara-el-17-y-18-de-junio-en-san-salvador\/","title":{"rendered":"El FangArt. Festival de Cer\u00e1mica del Vendrell se celebrar\u00e1 el 17 y 18 de junio en San Salvador"},"content":{"rendered":"<p>Esta ma\u00f1ana, la concejala de Cultura, Eva M. Serrami\u00e0, ha presentado en Vil\u00b7la Casals este nuevo certamen, que pretende ser un escaparate de la creaci\u00f3n art\u00edstica en la especialidad de cer\u00e1mica y un punto de encuentro para ceramistas. El objetivo de FangArt, seg\u00fan la concejala, &quot;es reunir ceramistas de todo el mundo, en un espacio abierto y acercarlos a los ciudadanos a trav\u00e9s de la exposici\u00f3n, la venta y de diversas actividades para adultos y ni\u00f1os en torno a la cer\u00e1mica &quot;.<\/p>\n<p>Asimismo, tambi\u00e9n se pretende que este espacio sea un punto de encuentro entre ceramistas a partir de charlas, mesas redondas, instalaciones y espect\u00e1culos.<\/p>\n<p>FangArt est\u00e1 planteado como un festival anual, que se celebrar\u00e1 cada mes de junio, y se llevar\u00e1 a cabo en el barrio mar\u00edtimo de Sant Salvador, un espacio que se ha escogido para contar con la presencia de equipamientos importantes como el Auditorio Pau Casals o Vil\u00b7la Casals; porque recibe numerosos visitantes durante los fines de semana y, a la vez, por la voluntad del Ayuntamiento de descentralizar la oferta cultural, acerc\u00e1ndola a otras zonas del municipio. En concreto, la primera edici\u00f3n de FangArt ser\u00e1 el 17 y 18 de junio de 2017, de 11 a 20 h, y las actividades incluidas se celebrar\u00e1n en varios emplazamientos de San Salvador.<\/p>\n<p>Por un lado, a lo largo del paseo Mar\u00edtimo Joan Revent\u00f3s, a la altura de la plaza de San Salvador, habr\u00e1 una veintena de paradas de ceramistas y un espect\u00e1culo de raku, a cargo del grupo Ignici\u00f3n. El espect\u00e1culo, que estar\u00e1 ubicado sobre la arena, comenzar\u00e1 a primera hora de la ma\u00f1ana con una gran construcci\u00f3n de barro y acabar\u00e1 en la puesta de sol con una encendida espectacular.<\/p>\n<p>Por otra parte, el Museo Pau Casals acoger\u00e1 una exposici\u00f3n de raku de la ceramista francesa Brigitte Long y un Workshop entorno el raku, a cargo de esta artista. En sus jardines se har\u00e1 tambi\u00e9n un concierto con instrumentos de barro, a cargo de la Banda de m\u00fasica La Galera. Unos instrumentos que est\u00e1n realizados a mano por el Maestro alfarero Joan Cortiella.<\/p>\n<p>Adem\u00e1s, en el Auditorio Pau Casals se har\u00e1 tambi\u00e9n otra exposici\u00f3n de raku y, en la plaza de San Salvador (Las Palmeras), se ofrecer\u00e1n actividades en torno a la cer\u00e1mica para peque\u00f1os y grandes.<\/p>\n<p>La concejala de Cultura ha detallado que aunque en las paradas habr\u00e1 diversidad de cer\u00e1mica, cada a\u00f1o se escoger\u00e1 un tema y todas las actividades programadas para el Festival de Cer\u00e1mica girar\u00e1n alrededor de la tem\u00e1tica escogida. Este a\u00f1o, el tema ser\u00e1 el raku, una t\u00e9cnica decorativa utilizada en cer\u00e1mica que tiene sus or\u00edgenes en las civilizaciones japonesa y china y es muy espectacular. En relaci\u00f3n al tema, cada a\u00f1o se escoger\u00e1 un ceramista representativo, que, adem\u00e1s, ser\u00e1 de otro pa\u00eds. Para esta primera edici\u00f3n, la persona invitada es la francesa Brigitte Long, una reconocida ceramista que trabaja la t\u00e9cnica del raku. Long estudi\u00f3 Bellas Artes en Quimper y Grenoble, trabaj\u00f3 en diversos talleres, entre ellos el de Paulette Descamps, un pasaje que fue decisivo en su carrera. En 1988 abri\u00f3 su primer taller.<\/p>\n<p>A lo largo del Paseo Mar\u00edtimo Joan Revent\u00f3s se distribuir\u00e1n unas 20 paradas. La selecci\u00f3n estar\u00e1 a cargo de la Comisi\u00f3n de Arte, que escoger\u00e1 los ceramistas por su calidad y originalidad y con la voluntad de que haya diversidad. Los ceramistas deber\u00e1n tener el Carnet de Artesano, estar dados de alta de la Seguridad Social y pagar\u00e1n \u20ac 100 para poner la parada, pero podr\u00e1n optar a diversas subvenciones y premios. En concreto:<\/p>\n<p>&#8211; Como taller joven:<br \/>\nEn caso de ser un taller joven, de hasta 2 a\u00f1os, el ceramista podr\u00e1 pedir una subvenci\u00f3n de 100 \u20ac .De todas las solicitudes, la Comisi\u00f3n de Arte seleccionar\u00e1 dos.<\/p>\n<p>&#8211; Realizando una actividad:<br \/>\nLos ceramistas que quieran podr\u00e1n hacer una actividad, que deber\u00e1 durar un m\u00ednimo de dos horas. Esta actividad estar\u00e1 subvencionada con 100 \u20ac y la Comisi\u00f3n de Arte seleccionar\u00e1 un m\u00e1ximo de 9 actividades.<\/p>\n<p>&#8211; Concurso de paradas:<br \/>\nPara buscar la originalidad y el esfuerzo del montaje se organizar\u00e1 un concurso de paradas, que estar\u00e1 dotado con 200 \u20ac.<\/p>\n<p>Actualmente las bases del festival FangArt est\u00e1n en periodo de exposici\u00f3n p\u00fablica, despu\u00e9s de que el Pleno del mes de diciembre hiciera la aprobaci\u00f3n inicial. se solicitudes para tomar parte podr\u00e1n presentarse una vez se hayan aprobado definitivamente y hasta el 5 de abril de 2017.<\/p>\n","protected":false},"excerpt":{"rendered":"<p>Esta ma\u00f1ana, la concejala de Cultura, Eva M. Serrami\u00e0, ha presentado en Vil\u00b7la Casals este nuevo certamen, que pretende ser un escaparate de la creaci\u00f3n art\u00edstica en la especialidad de cer\u00e1mica y un punto de encuentro para ceramistas. El objetivo de FangArt, seg\u00fan la concejala, &quot;es reunir ceramistas de todo el mundo, en un espacio [&hellip;]<\/p>\n","protected":false},"author":1,"featured_media":23271,"comment_status":"open","ping_status":"closed","sticky":false,"template":"","format":"standard","meta":{"_acf_changed":false,"_et_pb_use_builder":"","_et_pb_old_content":"","_et_gb_content_width":"","content-type":"","footnotes":""},"categories":[],"tags":[],"dipi_cpt_category":[],"class_list":["post-24886","post","type-post","status-publish","format-standard","has-post-thumbnail","hentry"],"acf":[],"_links":{"self":[{"href":"https:\/\/www.elvendrellturisme.com\/es\/wp-json\/wp\/v2\/posts\/24886","targetHints":{"allow":["GET"]}}],"collection":[{"href":"https:\/\/www.elvendrellturisme.com\/es\/wp-json\/wp\/v2\/posts"}],"about":[{"href":"https:\/\/www.elvendrellturisme.com\/es\/wp-json\/wp\/v2\/types\/post"}],"author":[{"embeddable":true,"href":"https:\/\/www.elvendrellturisme.com\/es\/wp-json\/wp\/v2\/users\/1"}],"replies":[{"embeddable":true,"href":"https:\/\/www.elvendrellturisme.com\/es\/wp-json\/wp\/v2\/comments?post=24886"}],"version-history":[{"count":0,"href":"https:\/\/www.elvendrellturisme.com\/es\/wp-json\/wp\/v2\/posts\/24886\/revisions"}],"wp:featuredmedia":[{"embeddable":true,"href":"https:\/\/www.elvendrellturisme.com\/es\/wp-json\/wp\/v2\/media\/23271"}],"wp:attachment":[{"href":"https:\/\/www.elvendrellturisme.com\/es\/wp-json\/wp\/v2\/media?parent=24886"}],"wp:term":[{"taxonomy":"category","embeddable":true,"href":"https:\/\/www.elvendrellturisme.com\/es\/wp-json\/wp\/v2\/categories?post=24886"},{"taxonomy":"post_tag","embeddable":true,"href":"https:\/\/www.elvendrellturisme.com\/es\/wp-json\/wp\/v2\/tags?post=24886"},{"taxonomy":"dipi_cpt_category","embeddable":true,"href":"https:\/\/www.elvendrellturisme.com\/es\/wp-json\/wp\/v2\/dipi_cpt_category?post=24886"}],"curies":[{"name":"wp","href":"https:\/\/api.w.org\/{rel}","templated":true}]}}