{"id":24888,"date":"2017-01-17T11:47:47","date_gmt":"2017-01-17T11:47:47","guid":{"rendered":"http:\/\/tv.dms3labs.cat\/jose-vaccaro-ruiz-presenta-en-el-museo-deu-conjura-gaudi-este-miercoles\/"},"modified":"2017-01-17T11:47:47","modified_gmt":"2017-01-17T11:47:47","slug":"jose-vaccaro-ruiz-presenta-en-el-museo-deu-conjura-gaudi-este-miercoles","status":"publish","type":"post","link":"https:\/\/www.elvendrellturisme.com\/es\/jose-vaccaro-ruiz-presenta-en-el-museo-deu-conjura-gaudi-este-miercoles\/","title":{"rendered":"Jos\u00e9 Vaccaro Ruiz presenta en el Museo Deu &quot;Conjura Gaud\u00ed&quot; este mi\u00e9rcoles"},"content":{"rendered":"<p>Este mi\u00e9rcoles, a las siete y media de la tarde, Jos\u00e9 Vaccaro presenta en la emblem\u00e1tica sala de las Alfombras del Museo Debe su \u00faltima novela &quot;Conjura Gaud\u00ed&quot;, que explica como un atentado terrorista contra el templo de la Sagrada Familia causa tres mil muertos.<\/p>\n<p>El autor ha sido Premio &quot;Isla de las Letras&quot; por la novela &quot;\u00c1ngeles Negros&quot;, siempre bajo el g\u00e9nero de la novela negra; ha escrito tambi\u00e9n otras lecturas interesantes como &quot;La V\u00eda L\u00e1ctea&quot;, &quot;La Granja&quot;, &quot;Catalonia Para\u00edso&quot;, &quot;Tablas&quot;, &quot;El Invitado de Nunca Jam\u00e1s&quot; y &quot;No dar papaya&quot;, que han sido presentadas en importantes eventos de este g\u00e9nero como: Getafe negro, bcnegra, Arag\u00f3n negro, La Semana de Gij\u00f3n o Cubelles Noir.<\/p>\n<p>Vaccaro es tambi\u00e9n colaborador habitual de varias p\u00e1ginas literarias con relatos y rese\u00f1as, en particular en Narrativas, dirigida por Carlos Manzano y tambi\u00e9n a Culturamas.<\/p>\n<p>Jos\u00e9 Vaccaro es abogado, arquitecto y escritor; ha sido tambi\u00e9n profesor de la c\u00e1tedra de Estructuras en la Escuela T\u00e9cnica Superior de Arquitectura de Barcelona. Por todos estos motivos ha podido dar a su novela, Conjura Gaud\u00ed, el m\u00e1ximo rigor y precisi\u00f3n, adem\u00e1s de haber participado en varias plataformas vecinales opuestas a la construcci\u00f3n del t\u00fanel del AVE, que circula bajo tierra a escasos metros del templo gaudiniano. Vaccaro utiliza la existencia de este t\u00fanel como ariete para el ataque.<\/p>\n<p>Pero esta novela es tambi\u00e9n un homenaje a la figura de Antoni Gaud\u00ed i Cornet, arquitecto de la Sagrada Familia. Un hombre adelantado a su tiempo por utilizar estructuras laminares, que tan s\u00f3lo 50 a\u00f1os despu\u00e9s de su muerte se utilizaron en la construcci\u00f3n de la \u00d3pera de Sydney. Sumamente religioso, cre\u00eda en la Creaci\u00f3n divina, de la que se declara un humilde imitador: &quot;El gran libro, siempre abierto que tenemos que leer es el de la Naturaleza&quot;.<\/p>\n<p>Las dos palabras que dan t\u00edtulo a la novela, &quot;Conjura&quot; y &quot;Gaud\u00ed&quot;, enfrentan el mundo negativo a la personalidad de Gaud\u00ed, siempre positivo, transparente y creativo. Y por otro lado, las ilustraciones del libro, dejando aparte las que se refieren a la log\u00edstica del atentado al templo, reflejan la belleza de alguna de sus obras, como son la cripta de la Colonia G\u00fcell, la Casa Batll\u00f3 o la Casa Mil\u00e1 &#8230; con el fin de sumergir al lector en un oasis de paz en medio de la negrura de la trama.<\/p>\n","protected":false},"excerpt":{"rendered":"<p>Este mi\u00e9rcoles, a las siete y media de la tarde, Jos\u00e9 Vaccaro presenta en la emblem\u00e1tica sala de las Alfombras del Museo Debe su \u00faltima novela &quot;Conjura Gaud\u00ed&quot;, que explica como un atentado terrorista contra el templo de la Sagrada Familia causa tres mil muertos. El autor ha sido Premio &quot;Isla de las Letras&quot; por [&hellip;]<\/p>\n","protected":false},"author":1,"featured_media":23275,"comment_status":"open","ping_status":"closed","sticky":false,"template":"","format":"standard","meta":{"_acf_changed":false,"_et_pb_use_builder":"","_et_pb_old_content":"","_et_gb_content_width":"","content-type":"","footnotes":""},"categories":[],"tags":[],"dipi_cpt_category":[],"class_list":["post-24888","post","type-post","status-publish","format-standard","has-post-thumbnail","hentry"],"acf":[],"_links":{"self":[{"href":"https:\/\/www.elvendrellturisme.com\/es\/wp-json\/wp\/v2\/posts\/24888","targetHints":{"allow":["GET"]}}],"collection":[{"href":"https:\/\/www.elvendrellturisme.com\/es\/wp-json\/wp\/v2\/posts"}],"about":[{"href":"https:\/\/www.elvendrellturisme.com\/es\/wp-json\/wp\/v2\/types\/post"}],"author":[{"embeddable":true,"href":"https:\/\/www.elvendrellturisme.com\/es\/wp-json\/wp\/v2\/users\/1"}],"replies":[{"embeddable":true,"href":"https:\/\/www.elvendrellturisme.com\/es\/wp-json\/wp\/v2\/comments?post=24888"}],"version-history":[{"count":0,"href":"https:\/\/www.elvendrellturisme.com\/es\/wp-json\/wp\/v2\/posts\/24888\/revisions"}],"wp:featuredmedia":[{"embeddable":true,"href":"https:\/\/www.elvendrellturisme.com\/es\/wp-json\/wp\/v2\/media\/23275"}],"wp:attachment":[{"href":"https:\/\/www.elvendrellturisme.com\/es\/wp-json\/wp\/v2\/media?parent=24888"}],"wp:term":[{"taxonomy":"category","embeddable":true,"href":"https:\/\/www.elvendrellturisme.com\/es\/wp-json\/wp\/v2\/categories?post=24888"},{"taxonomy":"post_tag","embeddable":true,"href":"https:\/\/www.elvendrellturisme.com\/es\/wp-json\/wp\/v2\/tags?post=24888"},{"taxonomy":"dipi_cpt_category","embeddable":true,"href":"https:\/\/www.elvendrellturisme.com\/es\/wp-json\/wp\/v2\/dipi_cpt_category?post=24888"}],"curies":[{"name":"wp","href":"https:\/\/api.w.org\/{rel}","templated":true}]}}