{"id":24892,"date":"2017-01-23T12:24:02","date_gmt":"2017-01-23T12:24:02","guid":{"rendered":"http:\/\/tv.dms3labs.cat\/el-auditorio-pau-casals-acoge-el-sabado-la-recreacion-del-estreno-de-la-obra-el-concierto-de-aranjuez\/"},"modified":"2017-01-23T12:24:02","modified_gmt":"2017-01-23T12:24:02","slug":"el-auditorio-pau-casals-acoge-el-sabado-la-recreacion-del-estreno-de-la-obra-el-concierto-de-aranjuez","status":"publish","type":"post","link":"https:\/\/www.elvendrellturisme.com\/es\/el-auditorio-pau-casals-acoge-el-sabado-la-recreacion-del-estreno-de-la-obra-el-concierto-de-aranjuez\/","title":{"rendered":"El Auditorio Pau Casals acoge el s\u00e1bado la recreaci\u00f3n del estreno de la obra &quot;El Concierto de Aranjuez&quot;"},"content":{"rendered":"<p>Este s\u00e1bado 28 de enero, a las 20: 30h, la Orquesta Camera Musicae recrea el estreno de la obra de Joaqu\u00edn Rodrigo, &quot;El Concierto de Aranjuez&quot; en el Auditorio Pau Casals.<\/p>\n<p>El estreno mundial del c\u00e9lebre Concierto de Aranjuez del compositor malague\u00f1o Joaqu\u00edn Rodrigo tuvo lugar en el Palau de la M\u00fasica Catalana hace 76 a\u00f1os. C\u00e9sar Mendoza Lassalle fue el encargado de dirigir la Orquesta Filarm\u00f3nica de Barcelona y el guitarrista Regino Sainz de la Maza quien actu\u00f3 como solista. Para abrir la velada, sin embargo, la Filarm\u00f3nica program\u00f3 la Sinfon\u00eda n\u00famero 9 en Mi menor de Dvor\u00e1k, &#8216;del Nuevo Mundo&#8217;.<\/p>\n<p>Este s\u00e1bado el Auditorio Pau Casals acoger\u00e1 la recreaci\u00f3n de este concierto, y para ello, se contar\u00e1 con la Orquesta Camera Musicae (OCM), con Jordi Mora en la direcci\u00f3n y con un solista espectacular: el guitarrista Rafael Aguirre.<\/p>\n<p>Rafael Aguirre ha obtenido 13 primeros premios internacionales, todo un r\u00e9cord en Espa\u00f1a, entre los que el Pro M\u00fasica (Nueva York) y el concurso T\u00e1rrega (Benic\u00e0ssim). El guitarrista malague\u00f1o es hoy un nombre de referencia, en sinton\u00eda con la tradici\u00f3n que ejemplifican Andr\u00e9s Segovia y Narciso Yepes. Ha dado recitales en salas de la importancia del Carnegie Hall, el Konzerthaus de Viena, la sala Tchaikovsky de Mosc\u00fa, las Filarm\u00f3nicas de San Petersburgo y de Kiev, St. John &#8216;s Smith Square en Londres, entre otros.<\/p>\n<p>El principal director invitado de la Orquesta Camera Musicae, Jordi Mora, dirigir\u00e1 este concierto. El director barcelon\u00e9s se form\u00f3 en su ciudad natal y posteriormente en Munich (Alemania), donde estudia direcci\u00f3n orquestal. Ha sido director titular de la Orquesta Nacional de Grecia y de la Orquesta Sinf\u00f3nica del Vall\u00e9s. Como director invitado ha dirigido orquestas de todo el mundo, como la Sim\u00f3n Bol\u00edvar de Venezuela, la Filarm\u00f3nica de Munich, la Orquesta Sinf\u00f3nica de Barcelona y Nacional de Catalu\u00f1a o la Orquesta Sinf\u00f3nica del Gran Teatro del Liceo. Actualmente es el director de la Orquesta Sinf\u00f3nica Siglo XXI y de la Bruckner Akademie Orchester.<\/p>\n<p>La Orquesta Camera Musicae es la orquesta residente del Auditorio de la Escuela de M\u00fasica Pau Casals del Vendrell desde 2009. \u00daltimamente, la OCM despliega sus temporadas de conciertos de producci\u00f3n propia en el Palau de la M\u00fasica de Barcelona y el Teatro de Tarragona. La OCM ha colaborado con directores como Salvador Brontons, John Rutter o Josep Vila i Casa\u00f1as; y solistas como Asier Polo, Judith J\u00e1uregui, Daniel Ligorio o \u00c1ngel \u00d2dena. Ha realizado giras por ciudades europeas como Alemania, Chequia y Suiza y ha grabado los discos Tormenta desvanecida, De Catalu\u00f1a en el mundo, Un cuento de Navidad y Mediterr\u00e1neo. El director titular y art\u00edstico es Tom\u00e1s Grau.<\/p>\n","protected":false},"excerpt":{"rendered":"<p>Este s\u00e1bado 28 de enero, a las 20: 30h, la Orquesta Camera Musicae recrea el estreno de la obra de Joaqu\u00edn Rodrigo, &quot;El Concierto de Aranjuez&quot; en el Auditorio Pau Casals. El estreno mundial del c\u00e9lebre Concierto de Aranjuez del compositor malague\u00f1o Joaqu\u00edn Rodrigo tuvo lugar en el Palau de la M\u00fasica Catalana hace 76 [&hellip;]<\/p>\n","protected":false},"author":1,"featured_media":23283,"comment_status":"open","ping_status":"closed","sticky":false,"template":"","format":"standard","meta":{"_acf_changed":false,"_et_pb_use_builder":"","_et_pb_old_content":"","_et_gb_content_width":"","content-type":"","footnotes":""},"categories":[],"tags":[],"dipi_cpt_category":[],"class_list":["post-24892","post","type-post","status-publish","format-standard","has-post-thumbnail","hentry"],"acf":[],"_links":{"self":[{"href":"https:\/\/www.elvendrellturisme.com\/es\/wp-json\/wp\/v2\/posts\/24892","targetHints":{"allow":["GET"]}}],"collection":[{"href":"https:\/\/www.elvendrellturisme.com\/es\/wp-json\/wp\/v2\/posts"}],"about":[{"href":"https:\/\/www.elvendrellturisme.com\/es\/wp-json\/wp\/v2\/types\/post"}],"author":[{"embeddable":true,"href":"https:\/\/www.elvendrellturisme.com\/es\/wp-json\/wp\/v2\/users\/1"}],"replies":[{"embeddable":true,"href":"https:\/\/www.elvendrellturisme.com\/es\/wp-json\/wp\/v2\/comments?post=24892"}],"version-history":[{"count":0,"href":"https:\/\/www.elvendrellturisme.com\/es\/wp-json\/wp\/v2\/posts\/24892\/revisions"}],"wp:featuredmedia":[{"embeddable":true,"href":"https:\/\/www.elvendrellturisme.com\/es\/wp-json\/wp\/v2\/media\/23283"}],"wp:attachment":[{"href":"https:\/\/www.elvendrellturisme.com\/es\/wp-json\/wp\/v2\/media?parent=24892"}],"wp:term":[{"taxonomy":"category","embeddable":true,"href":"https:\/\/www.elvendrellturisme.com\/es\/wp-json\/wp\/v2\/categories?post=24892"},{"taxonomy":"post_tag","embeddable":true,"href":"https:\/\/www.elvendrellturisme.com\/es\/wp-json\/wp\/v2\/tags?post=24892"},{"taxonomy":"dipi_cpt_category","embeddable":true,"href":"https:\/\/www.elvendrellturisme.com\/es\/wp-json\/wp\/v2\/dipi_cpt_category?post=24892"}],"curies":[{"name":"wp","href":"https:\/\/api.w.org\/{rel}","templated":true}]}}