{"id":24895,"date":"2017-02-15T12:24:28","date_gmt":"2017-02-15T12:24:28","guid":{"rendered":"http:\/\/tv.dms3labs.cat\/el-vendrell-organiza-un-carnaval-de-narices\/"},"modified":"2017-02-15T12:24:28","modified_gmt":"2017-02-15T12:24:28","slug":"el-vendrell-organiza-un-carnaval-de-narices","status":"publish","type":"post","link":"https:\/\/www.elvendrellturisme.com\/es\/el-vendrell-organiza-un-carnaval-de-narices\/","title":{"rendered":"El Vendrell organiza un Carnaval DE NARICES"},"content":{"rendered":"<p>Para los d\u00edas 23 y el 24 de febrero, la Concejal\u00eda de Cultura y Fiestas del Ayuntamiento de El Vendrell organiza un Carnaval DE NARICES.<\/p>\n<p>El jueves 23 de febrero, a las 17:30 h, en la plaza Vieja, tendr\u00e1 lugar el Carnaval Infantil con la llegada del Carnaval, chocolatada y el espect\u00e1culo Cu\u00e1l Sarao a cargo de la compa\u00f1\u00eda Jarabe de Ca\u00f1a, que han preparado un viaje trepidante lleno de m\u00fasica, danza, juegos, canciones y &#8230; dE NARICES!<\/p>\n<p>Y el viernes 24 de febrero, a las 19:30 h, en la avenida del Baix Pened\u00e8s, se har\u00e1 una salida DE NARICES para un inicio espectacular de la R\u00faa de Carnaval, en el que se dar\u00e1 m\u00e1s protagonismo a los grupos participantes, con un l\u00edmite de 40 carrozas y 15 comparsas. En esta zona se encontrar\u00e1 el jurado que estar\u00e1n muy bien acompa\u00f1ados por unos personajes muy especiales. A continuaci\u00f3n, se har\u00e1 el recorrido por la avenida del Baix Pened\u00e8s, la avenida del Cerrado de la Plana, c \/ Roquetes, C \/ San Jorge, avenida de la Riera de la Bisbal, c \/ Cuatro Fuentes, C \/ Muralla, plaza Nueva, c \/ Caf\u00e9s, c \/ Prat de la Riba y la Rambla.<\/p>\n<p>Como novedad, este a\u00f1o se har\u00e1 un sorteo entre todas las personas que cuelguen fotos de la R\u00faa de Carnaval con la etiqueta #uncarnavaldenassos en Facebook, Twitter e Instagram. Al final de la Rua se sortear\u00e1n dos entradas para un espect\u00e1culo de la programaci\u00f3n de la actual semestre de Temporada.<\/p>\n","protected":false},"excerpt":{"rendered":"<p>Para los d\u00edas 23 y el 24 de febrero, la Concejal\u00eda de Cultura y Fiestas del Ayuntamiento de El Vendrell organiza un Carnaval DE NARICES. El jueves 23 de febrero, a las 17:30 h, en la plaza Vieja, tendr\u00e1 lugar el Carnaval Infantil con la llegada del Carnaval, chocolatada y el espect\u00e1culo Cu\u00e1l Sarao a [&hellip;]<\/p>\n","protected":false},"author":1,"featured_media":23289,"comment_status":"open","ping_status":"closed","sticky":false,"template":"","format":"standard","meta":{"_acf_changed":false,"_et_pb_use_builder":"","_et_pb_old_content":"","_et_gb_content_width":"","content-type":"","footnotes":""},"categories":[],"tags":[],"dipi_cpt_category":[],"class_list":["post-24895","post","type-post","status-publish","format-standard","has-post-thumbnail","hentry"],"acf":[],"_links":{"self":[{"href":"https:\/\/www.elvendrellturisme.com\/es\/wp-json\/wp\/v2\/posts\/24895","targetHints":{"allow":["GET"]}}],"collection":[{"href":"https:\/\/www.elvendrellturisme.com\/es\/wp-json\/wp\/v2\/posts"}],"about":[{"href":"https:\/\/www.elvendrellturisme.com\/es\/wp-json\/wp\/v2\/types\/post"}],"author":[{"embeddable":true,"href":"https:\/\/www.elvendrellturisme.com\/es\/wp-json\/wp\/v2\/users\/1"}],"replies":[{"embeddable":true,"href":"https:\/\/www.elvendrellturisme.com\/es\/wp-json\/wp\/v2\/comments?post=24895"}],"version-history":[{"count":0,"href":"https:\/\/www.elvendrellturisme.com\/es\/wp-json\/wp\/v2\/posts\/24895\/revisions"}],"wp:featuredmedia":[{"embeddable":true,"href":"https:\/\/www.elvendrellturisme.com\/es\/wp-json\/wp\/v2\/media\/23289"}],"wp:attachment":[{"href":"https:\/\/www.elvendrellturisme.com\/es\/wp-json\/wp\/v2\/media?parent=24895"}],"wp:term":[{"taxonomy":"category","embeddable":true,"href":"https:\/\/www.elvendrellturisme.com\/es\/wp-json\/wp\/v2\/categories?post=24895"},{"taxonomy":"post_tag","embeddable":true,"href":"https:\/\/www.elvendrellturisme.com\/es\/wp-json\/wp\/v2\/tags?post=24895"},{"taxonomy":"dipi_cpt_category","embeddable":true,"href":"https:\/\/www.elvendrellturisme.com\/es\/wp-json\/wp\/v2\/dipi_cpt_category?post=24895"}],"curies":[{"name":"wp","href":"https:\/\/api.w.org\/{rel}","templated":true}]}}