{"id":24899,"date":"2017-03-17T13:36:21","date_gmt":"2017-03-17T13:36:21","guid":{"rendered":"http:\/\/tv.dms3labs.cat\/el-museo-angel-guimera-organiza-un-taller-familiar-relacionado-con-el-cuento-el-perro-de-casa\/"},"modified":"2017-03-17T13:36:21","modified_gmt":"2017-03-17T13:36:21","slug":"el-museo-angel-guimera-organiza-un-taller-familiar-relacionado-con-el-cuento-el-perro-de-casa","status":"publish","type":"post","link":"https:\/\/www.elvendrellturisme.com\/es\/el-museo-angel-guimera-organiza-un-taller-familiar-relacionado-con-el-cuento-el-perro-de-casa\/","title":{"rendered":"El Museo \u00c0ngel Guimer\u00e0 organiza un taller familiar relacionado con el cuento &quot;El perro de casa&quot;"},"content":{"rendered":"<p>El Museo \u00c0ngel Guimer\u00e0 ha organizado una serie de actividades para los meses de marzo, abril y mayo, entre los que destaca el taller familiar &quot;El tesoro de palabras&quot; relacionado con el cuento El perro de casa, de \u00c0ngel Guimer\u00e0, que fue editado para servir de lectura en las escuelas de Catalu\u00f1a.<\/p>\n<p>Como esta narraci\u00f3n ten\u00eda una intenci\u00f3n did\u00e1ctica, Guimer\u00e0 incluir un anexo que, bajo el t\u00edtulo &quot;tesorillo de palabras&quot;, recog\u00eda el vocabulario del cuento, acercando as\u00ed el catal\u00e1n a los ni\u00f1os. El artista Iraida Lluci\u00e0 ha sido la encargada de dise\u00f1ar el taller con el objetivo de &quot;hacer volar la imaginaci\u00f3n y conectar con las emociones a trav\u00e9s de un relato en el que son muy potentes&quot;.<\/p>\n<p>El taller &quot;El tesoro de palabras&quot; se har\u00e1 el domingo 26 de marzo, a las 12 h, y el s\u00e1bado 6 de mayo, a las 18:30 h. Esta \u00faltima fecha se ha programado con motivo del 172\u00e8 aniversario del nacimiento del dramaturgo. La actividad est\u00e1 dirigida a ni\u00f1os a partir de seis a\u00f1os, que deber\u00e1n ir acompa\u00f1ados por una persona adulta, y tiene un precio de 3 euros. Hay que hacer reserva previa en el tel\u00e9fono 977 66 10 06 o al correo electr\u00f3nico visitesmuseus@elvendrell.net.<\/p>\n<p>La concejala de Cultura, Eva M. Serrami\u00e0, explic\u00f3 que &quot;aparte de hacer actividades para las escuelas, ahora tambi\u00e9n queremos hacer llegar el personaje de \u00c0ngel Guimer\u00e0 a un p\u00fablico familiar&quot;.<\/p>\n<p>Por otra parte, el mi\u00e9rcoles 26 de abril, a las 19:30 h, tambi\u00e9n en el Museo \u00c1ngel Guimer\u00e1, tendr\u00e1 lugar una actividad de leer teatro del Club de lectura de la Biblioteca P\u00fablica Tierra Baja, con la obra Ricardo III de William Shakespeare. Y el domingo 14 de mayo, se volver\u00e1 a hacer la ruta &quot;La Barcelona de Guimer\u00e0&quot;, que para poder participar es necesario hacer reserva previa en el Museo de Historia de Barcelona, \u200b\u200ben el correo electr\u00f3nico reservesmuhba@bcn.cat o al tel\u00e9fono 93 256 21 22.<\/p>\n<p>Eva Serrami\u00e0 ha aprovechado la presentaci\u00f3n de este programa de actividades para avanzar dos actos de los que se ampliar\u00e1 informaci\u00f3n m\u00e1s adelante. Por un lado, el 20 de mayo, con motivo del D\u00eda Internacional de los Museos, se presentar\u00e1 el libro Correspondencia entre \u00c0ngel Guimer\u00e0 y Jaume Ramon y Vidales, de Carola Duran. Y, por otra parte, el 3 de junio, tendr\u00e1 lugar el seminario &quot;\u00c1ngel Guimer\u00e0 y la m\u00fasica&quot;.<\/p>\n<p>M\u00e1s informaci\u00f3n: Concejal\u00eda de Cultura, tel. 977 66 56 84.<\/p>\n","protected":false},"excerpt":{"rendered":"<p>El Museo \u00c0ngel Guimer\u00e0 ha organizado una serie de actividades para los meses de marzo, abril y mayo, entre los que destaca el taller familiar &quot;El tesoro de palabras&quot; relacionado con el cuento El perro de casa, de \u00c0ngel Guimer\u00e0, que fue editado para servir de lectura en las escuelas de Catalu\u00f1a. Como esta narraci\u00f3n [&hellip;]<\/p>\n","protected":false},"author":1,"featured_media":23297,"comment_status":"open","ping_status":"closed","sticky":false,"template":"","format":"standard","meta":{"_acf_changed":false,"_et_pb_use_builder":"","_et_pb_old_content":"","_et_gb_content_width":"","content-type":"","footnotes":""},"categories":[],"tags":[],"dipi_cpt_category":[],"class_list":["post-24899","post","type-post","status-publish","format-standard","has-post-thumbnail","hentry"],"acf":[],"_links":{"self":[{"href":"https:\/\/www.elvendrellturisme.com\/es\/wp-json\/wp\/v2\/posts\/24899","targetHints":{"allow":["GET"]}}],"collection":[{"href":"https:\/\/www.elvendrellturisme.com\/es\/wp-json\/wp\/v2\/posts"}],"about":[{"href":"https:\/\/www.elvendrellturisme.com\/es\/wp-json\/wp\/v2\/types\/post"}],"author":[{"embeddable":true,"href":"https:\/\/www.elvendrellturisme.com\/es\/wp-json\/wp\/v2\/users\/1"}],"replies":[{"embeddable":true,"href":"https:\/\/www.elvendrellturisme.com\/es\/wp-json\/wp\/v2\/comments?post=24899"}],"version-history":[{"count":0,"href":"https:\/\/www.elvendrellturisme.com\/es\/wp-json\/wp\/v2\/posts\/24899\/revisions"}],"wp:featuredmedia":[{"embeddable":true,"href":"https:\/\/www.elvendrellturisme.com\/es\/wp-json\/wp\/v2\/media\/23297"}],"wp:attachment":[{"href":"https:\/\/www.elvendrellturisme.com\/es\/wp-json\/wp\/v2\/media?parent=24899"}],"wp:term":[{"taxonomy":"category","embeddable":true,"href":"https:\/\/www.elvendrellturisme.com\/es\/wp-json\/wp\/v2\/categories?post=24899"},{"taxonomy":"post_tag","embeddable":true,"href":"https:\/\/www.elvendrellturisme.com\/es\/wp-json\/wp\/v2\/tags?post=24899"},{"taxonomy":"dipi_cpt_category","embeddable":true,"href":"https:\/\/www.elvendrellturisme.com\/es\/wp-json\/wp\/v2\/dipi_cpt_category?post=24899"}],"curies":[{"name":"wp","href":"https:\/\/api.w.org\/{rel}","templated":true}]}}