{"id":24901,"date":"2017-03-25T11:51:01","date_gmt":"2017-03-25T11:51:01","guid":{"rendered":"http:\/\/tv.dms3labs.cat\/la-parada-de-bus-el-francas-masia-ubicada-en-el-lateral-de-la-n-340-se-traslada-a-la-via-de-la-comunicacion-social-para-mejorar-la-seguridad-de-los-usuarios\/"},"modified":"2017-03-25T11:51:01","modified_gmt":"2017-03-25T11:51:01","slug":"la-parada-de-bus-el-francas-masia-ubicada-en-el-lateral-de-la-n-340-se-traslada-a-la-via-de-la-comunicacion-social-para-mejorar-la-seguridad-de-los-usuarios","status":"publish","type":"post","link":"https:\/\/www.elvendrellturisme.com\/es\/la-parada-de-bus-el-francas-masia-ubicada-en-el-lateral-de-la-n-340-se-traslada-a-la-via-de-la-comunicacion-social-para-mejorar-la-seguridad-de-los-usuarios\/","title":{"rendered":"La parada de bus &quot;El Franc\u00e0s &#8211; Mas\u00eda&quot; ubicada en el lateral de la N-340 se traslada a la V\u00eda de la Comunicaci\u00f3n Social para mejorar la seguridad de los usuarios"},"content":{"rendered":"<p>A partir del lunes 27 de marzo, de la l\u00ednea de bus Vilafranca -el Vendrell- Tarragona, la parada &quot;El Franc\u00e0s &#8211; Mas\u00eda&quot; (sentido Tarragona), ubicada en el lateral de la N-340, se trasladar\u00e1 a la V\u00eda de la Comunicaci\u00f3n social y se pasar\u00e1 a denominarse &quot;El Franc\u00e0s &#8211; Camping Franc\u00e0s&quot;.<\/p>\n<p>Este cambio se debe a la peligrosidad que ten\u00eda la localizaci\u00f3n de esta parada para los usuarios, ya que ten\u00edan que atravesar la carretera nacional. Desde la Concejal\u00eda de Transportes se traslad\u00f3 esta problem\u00e1tica al Departamento de Transportes de la Generalidad de Catalu\u00f1a, que es quien tiene la competencia de la l\u00ednea, y se ha encontrado esta soluci\u00f3n.<\/p>\n<p>El concejal de Transportes, Jos\u00e9 Marras\u00e9, explic\u00f3 que &quot;hay otras paradas de bus problem\u00e1ticas en el municipio, sobre las que tambi\u00e9n se est\u00e1 trabajando para resolverlas&quot;.<\/p>\n","protected":false},"excerpt":{"rendered":"<p>A partir del lunes 27 de marzo, de la l\u00ednea de bus Vilafranca -el Vendrell- Tarragona, la parada &quot;El Franc\u00e0s &#8211; Mas\u00eda&quot; (sentido Tarragona), ubicada en el lateral de la N-340, se trasladar\u00e1 a la V\u00eda de la Comunicaci\u00f3n social y se pasar\u00e1 a denominarse &quot;El Franc\u00e0s &#8211; Camping Franc\u00e0s&quot;. Este cambio se debe a [&hellip;]<\/p>\n","protected":false},"author":1,"featured_media":23301,"comment_status":"open","ping_status":"closed","sticky":false,"template":"","format":"standard","meta":{"_acf_changed":false,"_et_pb_use_builder":"","_et_pb_old_content":"","_et_gb_content_width":"","content-type":"","footnotes":""},"categories":[],"tags":[],"dipi_cpt_category":[],"class_list":["post-24901","post","type-post","status-publish","format-standard","has-post-thumbnail","hentry"],"acf":[],"_links":{"self":[{"href":"https:\/\/www.elvendrellturisme.com\/es\/wp-json\/wp\/v2\/posts\/24901","targetHints":{"allow":["GET"]}}],"collection":[{"href":"https:\/\/www.elvendrellturisme.com\/es\/wp-json\/wp\/v2\/posts"}],"about":[{"href":"https:\/\/www.elvendrellturisme.com\/es\/wp-json\/wp\/v2\/types\/post"}],"author":[{"embeddable":true,"href":"https:\/\/www.elvendrellturisme.com\/es\/wp-json\/wp\/v2\/users\/1"}],"replies":[{"embeddable":true,"href":"https:\/\/www.elvendrellturisme.com\/es\/wp-json\/wp\/v2\/comments?post=24901"}],"version-history":[{"count":0,"href":"https:\/\/www.elvendrellturisme.com\/es\/wp-json\/wp\/v2\/posts\/24901\/revisions"}],"wp:featuredmedia":[{"embeddable":true,"href":"https:\/\/www.elvendrellturisme.com\/es\/wp-json\/wp\/v2\/media\/23301"}],"wp:attachment":[{"href":"https:\/\/www.elvendrellturisme.com\/es\/wp-json\/wp\/v2\/media?parent=24901"}],"wp:term":[{"taxonomy":"category","embeddable":true,"href":"https:\/\/www.elvendrellturisme.com\/es\/wp-json\/wp\/v2\/categories?post=24901"},{"taxonomy":"post_tag","embeddable":true,"href":"https:\/\/www.elvendrellturisme.com\/es\/wp-json\/wp\/v2\/tags?post=24901"},{"taxonomy":"dipi_cpt_category","embeddable":true,"href":"https:\/\/www.elvendrellturisme.com\/es\/wp-json\/wp\/v2\/dipi_cpt_category?post=24901"}],"curies":[{"name":"wp","href":"https:\/\/api.w.org\/{rel}","templated":true}]}}