{"id":24903,"date":"2017-03-25T11:58:41","date_gmt":"2017-03-25T11:58:41","guid":{"rendered":"http:\/\/tv.dms3labs.cat\/fomento-del-espiritu-empresarial-con-el-programa-playas-y-rutas-365-dias\/"},"modified":"2017-03-25T11:58:41","modified_gmt":"2017-03-25T11:58:41","slug":"fomento-del-espiritu-empresarial-con-el-programa-playas-y-rutas-365-dias","status":"publish","type":"post","link":"https:\/\/www.elvendrellturisme.com\/es\/fomento-del-espiritu-empresarial-con-el-programa-playas-y-rutas-365-dias\/","title":{"rendered":"Fomento del esp\u00edritu empresarial con el programa &quot;Playas y Rutas 365 d\u00edas&quot;"},"content":{"rendered":"<p>Ayer se present\u00f3 el programa &quot;Playas y Rutas 365 d\u00edas&quot;, un proyecto subvencionado que hace hincapi\u00e9 en el emprendimiento territorial especializada, orientada al crecimiento y basada en la innovaci\u00f3n, la tecnolog\u00eda y los nuevos modelos de negocio desde las fortalezas los territorios. Est\u00e1 impulsado por el Departamento de Empresa y Conocimiento, a trav\u00e9s de Catalu\u00f1a Emprende, y cofinanciado por el Fondo Social Europeo.<br \/>\nEn este sentido, se ha detectado una fortaleza territorial en El Vendrell que tiene que ver con el grado de aprovechamiento de las playas y las rutas durante todo el a\u00f1o, ya que la enorme ocupaci\u00f3n durante los meses de verano se convierte en playas y rutas totalmente vac\u00edas de visitantes durante el resto del a\u00f1o. Sumando las infinitas posibilidades que proporciona la innovaci\u00f3n y las nuevas tecnolog\u00edas, nos encontramos en un entorno inmejorable para generar nuevos modelos de negocio.<\/p>\n<p>El objetivo es desarrollar, individualement o en grupo, ideas de negocio que permitan explotar las playas y las rutas todo el a\u00f1o y plasmarlas en respectivos planes de empresa que, una vez finalizado el programa, se encuentren en disposici\u00f3n de de &#8216;ejecutarse, si los emprendedores lo consideran.<\/p>\n<p>&quot;Playas y Rutas 365 d\u00edas&quot; va dirigido a cualquier persona con ganas de emprender, tenga una idea de negocio o no. Se proponen sesiones de generaci\u00f3n de ideas. Se proporciona una formaci\u00f3n espec\u00edfica y de calidad en innovaci\u00f3n, nuevas tecnolog\u00edas, turismo y empresa, as\u00ed como tutor\u00edas individualizadas para cada proyecto emprendedor. Tambi\u00e9n se ofrece la posibilidad de &quot;campo de pruebas&quot;, facilitando las necesidades que puedan tener los participantes a la vez de testar la viabilidad t\u00e9cnica de su idea.<\/p>\n<p>El programa est\u00e1 100% subvencionado y no tiene ning\u00fan coste. Adem\u00e1s, se proporcionan ayudas para el alojamiento para aquellos emprendedores que sean de m\u00e1s lejos y necesiten hospedarse en la zona durante la formaci\u00f3n. Las plazas est\u00e1n limitadas a 31 personas.<\/p>\n","protected":false},"excerpt":{"rendered":"<p>Ayer se present\u00f3 el programa &quot;Playas y Rutas 365 d\u00edas&quot;, un proyecto subvencionado que hace hincapi\u00e9 en el emprendimiento territorial especializada, orientada al crecimiento y basada en la innovaci\u00f3n, la tecnolog\u00eda y los nuevos modelos de negocio desde las fortalezas los territorios. Est\u00e1 impulsado por el Departamento de Empresa y Conocimiento, a trav\u00e9s de Catalu\u00f1a [&hellip;]<\/p>\n","protected":false},"author":1,"featured_media":23305,"comment_status":"open","ping_status":"closed","sticky":false,"template":"","format":"standard","meta":{"_acf_changed":false,"_et_pb_use_builder":"","_et_pb_old_content":"","_et_gb_content_width":"","content-type":"","footnotes":""},"categories":[],"tags":[],"dipi_cpt_category":[],"class_list":["post-24903","post","type-post","status-publish","format-standard","has-post-thumbnail","hentry"],"acf":[],"_links":{"self":[{"href":"https:\/\/www.elvendrellturisme.com\/es\/wp-json\/wp\/v2\/posts\/24903","targetHints":{"allow":["GET"]}}],"collection":[{"href":"https:\/\/www.elvendrellturisme.com\/es\/wp-json\/wp\/v2\/posts"}],"about":[{"href":"https:\/\/www.elvendrellturisme.com\/es\/wp-json\/wp\/v2\/types\/post"}],"author":[{"embeddable":true,"href":"https:\/\/www.elvendrellturisme.com\/es\/wp-json\/wp\/v2\/users\/1"}],"replies":[{"embeddable":true,"href":"https:\/\/www.elvendrellturisme.com\/es\/wp-json\/wp\/v2\/comments?post=24903"}],"version-history":[{"count":0,"href":"https:\/\/www.elvendrellturisme.com\/es\/wp-json\/wp\/v2\/posts\/24903\/revisions"}],"wp:featuredmedia":[{"embeddable":true,"href":"https:\/\/www.elvendrellturisme.com\/es\/wp-json\/wp\/v2\/media\/23305"}],"wp:attachment":[{"href":"https:\/\/www.elvendrellturisme.com\/es\/wp-json\/wp\/v2\/media?parent=24903"}],"wp:term":[{"taxonomy":"category","embeddable":true,"href":"https:\/\/www.elvendrellturisme.com\/es\/wp-json\/wp\/v2\/categories?post=24903"},{"taxonomy":"post_tag","embeddable":true,"href":"https:\/\/www.elvendrellturisme.com\/es\/wp-json\/wp\/v2\/tags?post=24903"},{"taxonomy":"dipi_cpt_category","embeddable":true,"href":"https:\/\/www.elvendrellturisme.com\/es\/wp-json\/wp\/v2\/dipi_cpt_category?post=24903"}],"curies":[{"name":"wp","href":"https:\/\/api.w.org\/{rel}","templated":true}]}}