{"id":24905,"date":"2017-03-30T12:34:28","date_gmt":"2017-03-30T12:34:28","guid":{"rendered":"http:\/\/tv.dms3labs.cat\/el-auditorio-pau-casals-acoge-el-domingo-el-espectaculo-didactico-todo-soplando-pensado-para-el-publico-familiar\/"},"modified":"2017-03-30T12:34:28","modified_gmt":"2017-03-30T12:34:28","slug":"el-auditorio-pau-casals-acoge-el-domingo-el-espectaculo-didactico-todo-soplando-pensado-para-el-publico-familiar","status":"publish","type":"post","link":"https:\/\/www.elvendrellturisme.com\/es\/el-auditorio-pau-casals-acoge-el-domingo-el-espectaculo-didactico-todo-soplando-pensado-para-el-publico-familiar\/","title":{"rendered":"El Auditorio Pau Casals acoge el domingo el espect\u00e1culo did\u00e1ctico &quot;Todo soplando&quot; pensado para el p\u00fablico familiar"},"content":{"rendered":"<p>Domingo 2 de abril, a las 12h del mediod\u00eda, en el Auditorio Pau Casals llega &quot;Todo soplando&quot;, un espect\u00e1culo did\u00e1ctico y musical dedicado a los instrumentos de viento, con Pep Gol y Pep Pasqual. &quot;Todo Soplando&quot; es un espect\u00e1culo dedicado a los instrumentos de viento en el sentido m\u00e1s amplio de la palabra, es decir, todo lo que se puede hacer sonar gracias al viento.<\/p>\n<p>Afinar un \u00f3rgano de botellas, ver como una manguera se puede convertir en una trompeta, sentir el d\u00fao de caracolas y el de clarinete &#8211; regadera, descubri\u00f3 que las ca\u00f1as de bamb\u00fa son instrumentos musicales, ver como el saxo y la trompeta hablan , r\u00eden, lloran, discuten, gritan y se pelean, como se puede formar una orquesta con juguetes, son parte de las diversas cosas que mostrar\u00e1n en el escenario del Auditorio Pau Casals en Pep Gol y Pep Pascual.<\/p>\n<p>Gol y Pascual han sido soplando casi toda la vida. Cada uno de ellos ha hecho una intensa carrera y llevan m\u00e1s de veinte a\u00f1os compartiendo numerosos proyectos y aventuras. Pep Gol se trompetista, compositor, arreglista, productor musical y dise\u00f1ador de extra\u00f1os instrumentos musicales. Pep Pascual toca los saxos, el clarinete, la grajilla, las flautas y el flaut\u00edn, tambi\u00e9n es compositor, productor musical y arreglista.<\/p>\n<p>Durante estos a\u00f1os han compaginado una intensa actividad musical con la actividad educativa, en forma de audiciones y talleres para escolares, cursos para profesores o propuestas para p\u00fablico familiar, como la que el domingo nos presentar\u00e1n.<\/p>\n<p>&quot;Todo Soplando&quot; es un espect\u00e1culo participativo y va dirigido al p\u00fablico familiar. Especialmente, est\u00e1 recomendado a partir de los tres a\u00f1os.<\/p>\n","protected":false},"excerpt":{"rendered":"<p>Domingo 2 de abril, a las 12h del mediod\u00eda, en el Auditorio Pau Casals llega &quot;Todo soplando&quot;, un espect\u00e1culo did\u00e1ctico y musical dedicado a los instrumentos de viento, con Pep Gol y Pep Pasqual. &quot;Todo Soplando&quot; es un espect\u00e1culo dedicado a los instrumentos de viento en el sentido m\u00e1s amplio de la palabra, es decir, [&hellip;]<\/p>\n","protected":false},"author":1,"featured_media":23309,"comment_status":"open","ping_status":"closed","sticky":false,"template":"","format":"standard","meta":{"_acf_changed":false,"_et_pb_use_builder":"","_et_pb_old_content":"","_et_gb_content_width":"","content-type":"","footnotes":""},"categories":[],"tags":[],"dipi_cpt_category":[],"class_list":["post-24905","post","type-post","status-publish","format-standard","has-post-thumbnail","hentry"],"acf":[],"_links":{"self":[{"href":"https:\/\/www.elvendrellturisme.com\/es\/wp-json\/wp\/v2\/posts\/24905","targetHints":{"allow":["GET"]}}],"collection":[{"href":"https:\/\/www.elvendrellturisme.com\/es\/wp-json\/wp\/v2\/posts"}],"about":[{"href":"https:\/\/www.elvendrellturisme.com\/es\/wp-json\/wp\/v2\/types\/post"}],"author":[{"embeddable":true,"href":"https:\/\/www.elvendrellturisme.com\/es\/wp-json\/wp\/v2\/users\/1"}],"replies":[{"embeddable":true,"href":"https:\/\/www.elvendrellturisme.com\/es\/wp-json\/wp\/v2\/comments?post=24905"}],"version-history":[{"count":0,"href":"https:\/\/www.elvendrellturisme.com\/es\/wp-json\/wp\/v2\/posts\/24905\/revisions"}],"wp:featuredmedia":[{"embeddable":true,"href":"https:\/\/www.elvendrellturisme.com\/es\/wp-json\/wp\/v2\/media\/23309"}],"wp:attachment":[{"href":"https:\/\/www.elvendrellturisme.com\/es\/wp-json\/wp\/v2\/media?parent=24905"}],"wp:term":[{"taxonomy":"category","embeddable":true,"href":"https:\/\/www.elvendrellturisme.com\/es\/wp-json\/wp\/v2\/categories?post=24905"},{"taxonomy":"post_tag","embeddable":true,"href":"https:\/\/www.elvendrellturisme.com\/es\/wp-json\/wp\/v2\/tags?post=24905"},{"taxonomy":"dipi_cpt_category","embeddable":true,"href":"https:\/\/www.elvendrellturisme.com\/es\/wp-json\/wp\/v2\/dipi_cpt_category?post=24905"}],"curies":[{"name":"wp","href":"https:\/\/api.w.org\/{rel}","templated":true}]}}