{"id":24908,"date":"2017-04-12T18:44:12","date_gmt":"2017-04-12T18:44:12","guid":{"rendered":"http:\/\/tv.dms3labs.cat\/da-la-vuelta-al-arte-nueva-actividad-familiar-del-museo-deu-para-estas-vacaciones\/"},"modified":"2017-04-12T18:44:12","modified_gmt":"2017-04-12T18:44:12","slug":"da-la-vuelta-al-arte-nueva-actividad-familiar-del-museo-deu-para-estas-vacaciones","status":"publish","type":"post","link":"https:\/\/www.elvendrellturisme.com\/es\/da-la-vuelta-al-arte-nueva-actividad-familiar-del-museo-deu-para-estas-vacaciones\/","title":{"rendered":"&quot;Da la vuelta al arte&quot;, nueva actividad familiar del Museo Deu para estas vacaciones"},"content":{"rendered":"<p>&quot;Da la vuelta al arte&quot; es la nueva actividad familiar libre que el Museo Deu propone para estos d\u00edas de vacaciones. Compartir un rato de ocio en el museo con los m\u00e1s peque\u00f1os puede ser una buena elecci\u00f3n de cara a pasar las vacaciones de Semana Santa. El Museo Deu del Vendrell invita a las familias a conocer su colecci\u00f3n permanente a trav\u00e9s de un juego para ni\u00f1os y ni\u00f1as de 6 a 10 a\u00f1os.<\/p>\n<p>Este juego, que se puede adquirir en el mismo museo al precio de 1 \u20ac, incluye una reducci\u00f3n del 55% sobre la entrada general para todos aquellos acompa\u00f1antes del ni\u00f1o, siempre que no sean del Vendrell, ya que los empadronados disfrutan de la entrada gratuita.<\/p>\n<p>La actividad, disponible en lengua catalana y castellana, cuenta con un librito para colorear con dibujos de los lugares m\u00e1s representativos de nuestra villa, editado por la Concejal\u00eda de Turismo y Playas del Ayuntamiento de El Vendrell. En la propuesta tambi\u00e9n ha colaborado la Concejal\u00eda de Infancia y Juventud.<\/p>\n<p>El horario del Museo Deu es de martes a jueves de 10 a 14 h y de 17 a 19 h, el viernes 14 y domingo 16 el museo permanecer\u00e1 abierto de 11 a 14 h y s\u00e1bado 15 de abril de 11 a 14 h y de 17 a 19 h.<\/p>\n","protected":false},"excerpt":{"rendered":"<p>&quot;Da la vuelta al arte&quot; es la nueva actividad familiar libre que el Museo Deu propone para estos d\u00edas de vacaciones. Compartir un rato de ocio en el museo con los m\u00e1s peque\u00f1os puede ser una buena elecci\u00f3n de cara a pasar las vacaciones de Semana Santa. El Museo Deu del Vendrell invita a las [&hellip;]<\/p>\n","protected":false},"author":1,"featured_media":23315,"comment_status":"open","ping_status":"closed","sticky":false,"template":"","format":"standard","meta":{"_acf_changed":false,"_et_pb_use_builder":"","_et_pb_old_content":"","_et_gb_content_width":"","content-type":"","footnotes":""},"categories":[],"tags":[],"dipi_cpt_category":[],"class_list":["post-24908","post","type-post","status-publish","format-standard","has-post-thumbnail","hentry"],"acf":[],"_links":{"self":[{"href":"https:\/\/www.elvendrellturisme.com\/es\/wp-json\/wp\/v2\/posts\/24908","targetHints":{"allow":["GET"]}}],"collection":[{"href":"https:\/\/www.elvendrellturisme.com\/es\/wp-json\/wp\/v2\/posts"}],"about":[{"href":"https:\/\/www.elvendrellturisme.com\/es\/wp-json\/wp\/v2\/types\/post"}],"author":[{"embeddable":true,"href":"https:\/\/www.elvendrellturisme.com\/es\/wp-json\/wp\/v2\/users\/1"}],"replies":[{"embeddable":true,"href":"https:\/\/www.elvendrellturisme.com\/es\/wp-json\/wp\/v2\/comments?post=24908"}],"version-history":[{"count":0,"href":"https:\/\/www.elvendrellturisme.com\/es\/wp-json\/wp\/v2\/posts\/24908\/revisions"}],"wp:featuredmedia":[{"embeddable":true,"href":"https:\/\/www.elvendrellturisme.com\/es\/wp-json\/wp\/v2\/media\/23315"}],"wp:attachment":[{"href":"https:\/\/www.elvendrellturisme.com\/es\/wp-json\/wp\/v2\/media?parent=24908"}],"wp:term":[{"taxonomy":"category","embeddable":true,"href":"https:\/\/www.elvendrellturisme.com\/es\/wp-json\/wp\/v2\/categories?post=24908"},{"taxonomy":"post_tag","embeddable":true,"href":"https:\/\/www.elvendrellturisme.com\/es\/wp-json\/wp\/v2\/tags?post=24908"},{"taxonomy":"dipi_cpt_category","embeddable":true,"href":"https:\/\/www.elvendrellturisme.com\/es\/wp-json\/wp\/v2\/dipi_cpt_category?post=24908"}],"curies":[{"name":"wp","href":"https:\/\/api.w.org\/{rel}","templated":true}]}}