{"id":24920,"date":"2017-05-03T14:24:43","date_gmt":"2017-05-03T14:24:43","guid":{"rendered":"http:\/\/tv.dms3labs.cat\/la-obra-de-teatro-familiar-ai-rateta-rateta-llega-este-domingo-a-las-12-h-en-el-teatro-angel-guimera-de-el-vendrell\/"},"modified":"2017-05-03T14:24:43","modified_gmt":"2017-05-03T14:24:43","slug":"la-obra-de-teatro-familiar-ai-rateta-rateta-llega-este-domingo-a-las-12-h-en-el-teatro-angel-guimera-de-el-vendrell","status":"publish","type":"post","link":"https:\/\/www.elvendrellturisme.com\/es\/la-obra-de-teatro-familiar-ai-rateta-rateta-llega-este-domingo-a-las-12-h-en-el-teatro-angel-guimera-de-el-vendrell\/","title":{"rendered":"La obra de teatro familiar &quot;Ai rateta, rateta&quot; llega este domingo, a las 12 h, en el Teatro \u00c0ngel Guimer\u00e0 de El Vendrell"},"content":{"rendered":"<p>Este domingo 7 de mayo, a las 12 h, en el Teatro \u00c0ngel Guimer\u00e0 de El Vendrell, se podr\u00e1 ver la obra de teatro familiar &quot;Ai rateta, rateta&quot; del Repl\u00e0 Produccions, con el gui\u00f3n y direcci\u00f3n de Joan Sors y la interpretaci\u00f3n de Jessica Mart\u00edn, Cris Codina y Ferran Enfedaque.<\/p>\n<p>Despu\u00e9s del \u00e9xito obtenido con &quot;Les princeses tamb\u00e9 es tiren pets&quot;, el Repl\u00e0 Produccions nos presenta una nueva versi\u00f3n basada en el famoso cuento de &quot;La rateta que escombrava l&#8217;escaleta&quot;.<\/p>\n<p>Hab\u00eda una vez una ratita muy presumida que estaba cansada y aburrida que todo el mundo, desde hace a\u00f1os, explicara su cuento de la misma manera. Un d\u00eda tom\u00f3 la decisi\u00f3n de declararse en huelga indefinida hasta que no se atendieran sus peticiones de cambio. \u00bfQu\u00e9 pas\u00f3? Pues he aqu\u00ed un perro, he aqu\u00ed un gato, este cuento se ha cambiado.<\/p>\n<p>Las entradas se pueden conseguir a un precio de 6 euros, 4 euros con los descuentos habituales, y con entrada gratuita para los menores de 3 a\u00f1os, dirigi\u00e9ndose a la sede de la Concejal\u00eda de Cultura del Ayuntamiento de El Vendrell (la Rambla , 24, tel. 977 66 56 84) en horario de 10h a 14h, mediante la plataforma Ticketea (www.ticketea.com \/ tel. 902 044 226) o en las taquillas del teatro, una hora antes del inicio de la espect\u00e1culo, siempre y cuando el aforo as\u00ed lo permita.<\/p>\n","protected":false},"excerpt":{"rendered":"<p>Este domingo 7 de mayo, a las 12 h, en el Teatro \u00c0ngel Guimer\u00e0 de El Vendrell, se podr\u00e1 ver la obra de teatro familiar &quot;Ai rateta, rateta&quot; del Repl\u00e0 Produccions, con el gui\u00f3n y direcci\u00f3n de Joan Sors y la interpretaci\u00f3n de Jessica Mart\u00edn, Cris Codina y Ferran Enfedaque. Despu\u00e9s del \u00e9xito obtenido con [&hellip;]<\/p>\n","protected":false},"author":1,"featured_media":23338,"comment_status":"open","ping_status":"closed","sticky":false,"template":"","format":"standard","meta":{"_acf_changed":false,"_et_pb_use_builder":"","_et_pb_old_content":"","_et_gb_content_width":"","content-type":"","footnotes":""},"categories":[],"tags":[],"dipi_cpt_category":[],"class_list":["post-24920","post","type-post","status-publish","format-standard","has-post-thumbnail","hentry"],"acf":[],"_links":{"self":[{"href":"https:\/\/www.elvendrellturisme.com\/es\/wp-json\/wp\/v2\/posts\/24920","targetHints":{"allow":["GET"]}}],"collection":[{"href":"https:\/\/www.elvendrellturisme.com\/es\/wp-json\/wp\/v2\/posts"}],"about":[{"href":"https:\/\/www.elvendrellturisme.com\/es\/wp-json\/wp\/v2\/types\/post"}],"author":[{"embeddable":true,"href":"https:\/\/www.elvendrellturisme.com\/es\/wp-json\/wp\/v2\/users\/1"}],"replies":[{"embeddable":true,"href":"https:\/\/www.elvendrellturisme.com\/es\/wp-json\/wp\/v2\/comments?post=24920"}],"version-history":[{"count":0,"href":"https:\/\/www.elvendrellturisme.com\/es\/wp-json\/wp\/v2\/posts\/24920\/revisions"}],"wp:featuredmedia":[{"embeddable":true,"href":"https:\/\/www.elvendrellturisme.com\/es\/wp-json\/wp\/v2\/media\/23338"}],"wp:attachment":[{"href":"https:\/\/www.elvendrellturisme.com\/es\/wp-json\/wp\/v2\/media?parent=24920"}],"wp:term":[{"taxonomy":"category","embeddable":true,"href":"https:\/\/www.elvendrellturisme.com\/es\/wp-json\/wp\/v2\/categories?post=24920"},{"taxonomy":"post_tag","embeddable":true,"href":"https:\/\/www.elvendrellturisme.com\/es\/wp-json\/wp\/v2\/tags?post=24920"},{"taxonomy":"dipi_cpt_category","embeddable":true,"href":"https:\/\/www.elvendrellturisme.com\/es\/wp-json\/wp\/v2\/dipi_cpt_category?post=24920"}],"curies":[{"name":"wp","href":"https:\/\/api.w.org\/{rel}","templated":true}]}}