{"id":24926,"date":"2017-05-11T13:07:18","date_gmt":"2017-05-11T13:07:18","guid":{"rendered":"http:\/\/tv.dms3labs.cat\/el-concierto-sinatra-100-anos-llega-el-sabado-en-el-auditorio-pau-casals-con-bruno-oro-y-la-big-band-de-la-escuela-musicos\/"},"modified":"2017-05-11T13:07:18","modified_gmt":"2017-05-11T13:07:18","slug":"el-concierto-sinatra-100-anos-llega-el-sabado-en-el-auditorio-pau-casals-con-bruno-oro-y-la-big-band-de-la-escuela-musicos","status":"publish","type":"post","link":"https:\/\/www.elvendrellturisme.com\/es\/el-concierto-sinatra-100-anos-llega-el-sabado-en-el-auditorio-pau-casals-con-bruno-oro-y-la-big-band-de-la-escuela-musicos\/","title":{"rendered":"El concierto &quot;Sinatra, 100 a\u00f1os&quot; llega el s\u00e1bado en el Auditorio Pau Casals con Bruno Oro y la Big Band de la Escuela M\u00fasicos"},"content":{"rendered":"<p>Este pr\u00f3ximo s\u00e1bado 13 de mayo, a las 20:30h, la Big Band de la Escuela M\u00fasicos de El Vendrell, Bruno Oro y Vicens Mart\u00edn ser\u00e1n en el Auditorio Pau Casals dentro del ciclo de conciertos Jazz en el Auditorio en un concierto dedicado Frank Sinatra &quot;La Voz&quot;.<\/p>\n<p>Uno de los conciertos de Frank Sinatra, lo que hizo en el Casino Sands en Las Vegas en 1966, bajo la direcci\u00f3n y arreglos de Quincy Jones, es lo que recordar\u00e1n este s\u00e1bado Bruno Oro a la voz y Vicens Mart\u00edn dirigiendo la Big Band del escuela M\u00fasicos de El Vendrell. En este concierto se revisar\u00e1n, como el del 1966, algunos de sus grandes \u00e9xitos como Fly me to the Moon, Come Fly With Me, You Make Me Feel So Young &#8230;, pero tambi\u00e9n las canciones que se relacionan m\u00e1s con &quot;La Voz &quot;como My Way o New York, New York.<\/p>\n<p>La carrera de actor de Bruno Oro es su faceta m\u00e1s conocida, ya que ha aparecido en varias series y programas de televisi\u00f3n y en obras de teatro, y sobre todo por su protagonismo en el programa Polonia de TV3. Pero no es hasta finales de 2008 que debuta como cantante y compositor con su primer disco &quot;Napoli&quot;. A partir de este primer trabajo y hasta ahora, Bruno Oro ya ha publicado dos m\u00e1s: &quot;Tempus Fugit&quot; y &quot;Viaje del hombre que estornuda&quot;.<\/p>\n<p>Bruno Oro, cantante y compositor, estar\u00e1 acompa\u00f1ado este pr\u00f3ximo s\u00e1bado por la Big Band de la Escuela M\u00fasicos de El Vendrell, una orquesta habitual en &quot;Jazz en el Auditorio&quot;, y que esta vez estar\u00e1 dirigida por el compositor y guitarrista Vicens Mart\u00edn, en lugar de su director habitual, V\u00edctor Virgen. Todos juntos homenajear\u00e1n a la gran voz de Frank Sinatra para la celebraci\u00f3n de los 100 a\u00f1os de su nacimiento.<\/p>\n<p>M\u00e1s info: www.auditoripaucasals.cat<br \/>\nwww.temporada.cat<\/p>\n","protected":false},"excerpt":{"rendered":"<p>Este pr\u00f3ximo s\u00e1bado 13 de mayo, a las 20:30h, la Big Band de la Escuela M\u00fasicos de El Vendrell, Bruno Oro y Vicens Mart\u00edn ser\u00e1n en el Auditorio Pau Casals dentro del ciclo de conciertos Jazz en el Auditorio en un concierto dedicado Frank Sinatra &quot;La Voz&quot;. Uno de los conciertos de Frank Sinatra, lo [&hellip;]<\/p>\n","protected":false},"author":1,"featured_media":23350,"comment_status":"open","ping_status":"closed","sticky":false,"template":"","format":"standard","meta":{"_acf_changed":false,"_et_pb_use_builder":"","_et_pb_old_content":"","_et_gb_content_width":"","content-type":"","footnotes":""},"categories":[],"tags":[],"dipi_cpt_category":[],"class_list":["post-24926","post","type-post","status-publish","format-standard","has-post-thumbnail","hentry"],"acf":[],"_links":{"self":[{"href":"https:\/\/www.elvendrellturisme.com\/es\/wp-json\/wp\/v2\/posts\/24926","targetHints":{"allow":["GET"]}}],"collection":[{"href":"https:\/\/www.elvendrellturisme.com\/es\/wp-json\/wp\/v2\/posts"}],"about":[{"href":"https:\/\/www.elvendrellturisme.com\/es\/wp-json\/wp\/v2\/types\/post"}],"author":[{"embeddable":true,"href":"https:\/\/www.elvendrellturisme.com\/es\/wp-json\/wp\/v2\/users\/1"}],"replies":[{"embeddable":true,"href":"https:\/\/www.elvendrellturisme.com\/es\/wp-json\/wp\/v2\/comments?post=24926"}],"version-history":[{"count":0,"href":"https:\/\/www.elvendrellturisme.com\/es\/wp-json\/wp\/v2\/posts\/24926\/revisions"}],"wp:featuredmedia":[{"embeddable":true,"href":"https:\/\/www.elvendrellturisme.com\/es\/wp-json\/wp\/v2\/media\/23350"}],"wp:attachment":[{"href":"https:\/\/www.elvendrellturisme.com\/es\/wp-json\/wp\/v2\/media?parent=24926"}],"wp:term":[{"taxonomy":"category","embeddable":true,"href":"https:\/\/www.elvendrellturisme.com\/es\/wp-json\/wp\/v2\/categories?post=24926"},{"taxonomy":"post_tag","embeddable":true,"href":"https:\/\/www.elvendrellturisme.com\/es\/wp-json\/wp\/v2\/tags?post=24926"},{"taxonomy":"dipi_cpt_category","embeddable":true,"href":"https:\/\/www.elvendrellturisme.com\/es\/wp-json\/wp\/v2\/dipi_cpt_category?post=24926"}],"curies":[{"name":"wp","href":"https:\/\/api.w.org\/{rel}","templated":true}]}}