{"id":24927,"date":"2017-05-11T13:27:04","date_gmt":"2017-05-11T13:27:04","guid":{"rendered":"http:\/\/tv.dms3labs.cat\/las-tres-playas-del-vendrell-obtienen-la-bandera-azul-2017\/"},"modified":"2017-05-11T13:27:04","modified_gmt":"2017-05-11T13:27:04","slug":"las-tres-playas-del-vendrell-obtienen-la-bandera-azul-2017","status":"publish","type":"post","link":"https:\/\/www.elvendrellturisme.com\/es\/las-tres-playas-del-vendrell-obtienen-la-bandera-azul-2017\/","title":{"rendered":"Las tres playas del Vendrell obtienen la Bandera Azul 2017"},"content":{"rendered":"<p>El ADEAC-FEE (Asociaci\u00f3n de Educaci\u00f3n Ambiental y del Consumidor) ha otorgado, un a\u00f1o m\u00e1s, la bandera azul en las tres playas de El Vendrell: Comarruga, Sant Salvador y el Franc\u00e0s.<\/p>\n<p>Este galard\u00f3n, reconocido a nivel internacional, valora y premia la gesti\u00f3n ambiental y la seguridad, las instalaciones y la prestaci\u00f3n \u00f3ptima de los servicios y la informaci\u00f3n y la educaci\u00f3n ambiental, asimismo exige a las playas una calidad del agua excelente. <\/p>\n<p>El concejal de playas, Josep Marras\u00e9, destac\u00f3 que &quot;para la obtenci\u00f3n de las banderas azules, son claves las tareas de mantenimiento de las playas que se hacen durante todo el a\u00f1o. Seguimos trabajando para mantener las banderas azules, ya que son se\u00f1al de la calidad de las playas y del respeto al medio ambiente, factores determinantes para su obtenci\u00f3n que quedan reforzados con las ISO 9001: 2008 y 14001.2004 &quot;.<\/p>\n<p>Por otra parte, hay que decir que el Aula Acu\u00e1tica de la Mas\u00eda Blanca ha recibido, tambi\u00e9n este 2017, el reconocimiento de Centro Azul, gracias a que entre sus objetivos est\u00e1 la educaci\u00f3n ambiental sobre los ecosistemas litorales y el desarrollo sostenible, as\u00ed como la informaci\u00f3n de actividades relacionadas con el programa de banderas azules.<\/p>\n","protected":false},"excerpt":{"rendered":"<p>El ADEAC-FEE (Asociaci\u00f3n de Educaci\u00f3n Ambiental y del Consumidor) ha otorgado, un a\u00f1o m\u00e1s, la bandera azul en las tres playas de El Vendrell: Comarruga, Sant Salvador y el Franc\u00e0s. Este galard\u00f3n, reconocido a nivel internacional, valora y premia la gesti\u00f3n ambiental y la seguridad, las instalaciones y la prestaci\u00f3n \u00f3ptima de los servicios y [&hellip;]<\/p>\n","protected":false},"author":1,"featured_media":23352,"comment_status":"open","ping_status":"closed","sticky":false,"template":"","format":"standard","meta":{"_acf_changed":false,"_et_pb_use_builder":"","_et_pb_old_content":"","_et_gb_content_width":"","content-type":"","footnotes":""},"categories":[],"tags":[],"dipi_cpt_category":[],"class_list":["post-24927","post","type-post","status-publish","format-standard","has-post-thumbnail","hentry"],"acf":[],"_links":{"self":[{"href":"https:\/\/www.elvendrellturisme.com\/es\/wp-json\/wp\/v2\/posts\/24927","targetHints":{"allow":["GET"]}}],"collection":[{"href":"https:\/\/www.elvendrellturisme.com\/es\/wp-json\/wp\/v2\/posts"}],"about":[{"href":"https:\/\/www.elvendrellturisme.com\/es\/wp-json\/wp\/v2\/types\/post"}],"author":[{"embeddable":true,"href":"https:\/\/www.elvendrellturisme.com\/es\/wp-json\/wp\/v2\/users\/1"}],"replies":[{"embeddable":true,"href":"https:\/\/www.elvendrellturisme.com\/es\/wp-json\/wp\/v2\/comments?post=24927"}],"version-history":[{"count":0,"href":"https:\/\/www.elvendrellturisme.com\/es\/wp-json\/wp\/v2\/posts\/24927\/revisions"}],"wp:featuredmedia":[{"embeddable":true,"href":"https:\/\/www.elvendrellturisme.com\/es\/wp-json\/wp\/v2\/media\/23352"}],"wp:attachment":[{"href":"https:\/\/www.elvendrellturisme.com\/es\/wp-json\/wp\/v2\/media?parent=24927"}],"wp:term":[{"taxonomy":"category","embeddable":true,"href":"https:\/\/www.elvendrellturisme.com\/es\/wp-json\/wp\/v2\/categories?post=24927"},{"taxonomy":"post_tag","embeddable":true,"href":"https:\/\/www.elvendrellturisme.com\/es\/wp-json\/wp\/v2\/tags?post=24927"},{"taxonomy":"dipi_cpt_category","embeddable":true,"href":"https:\/\/www.elvendrellturisme.com\/es\/wp-json\/wp\/v2\/dipi_cpt_category?post=24927"}],"curies":[{"name":"wp","href":"https:\/\/api.w.org\/{rel}","templated":true}]}}