{"id":24933,"date":"2017-05-23T13:51:46","date_gmt":"2017-05-23T13:51:46","guid":{"rendered":"http:\/\/tv.dms3labs.cat\/encuentro-de-instagramers-en-el-casco-antiguo-de-el-vendrell\/"},"modified":"2017-05-23T13:51:46","modified_gmt":"2017-05-23T13:51:46","slug":"encuentro-de-instagramers-en-el-casco-antiguo-de-el-vendrell","status":"publish","type":"post","link":"https:\/\/www.elvendrellturisme.com\/es\/encuentro-de-instagramers-en-el-casco-antiguo-de-el-vendrell\/","title":{"rendered":"Encuentro de instagramers en el casco antiguo de El Vendrell"},"content":{"rendered":"<p>La Concejal\u00eda de Turismo ha organizado un encuentro de instagramers en el casco antiguo de El Vendrell que tendr\u00e1 lugar el s\u00e1bado 27 de mayo y cuenta con la colaboraci\u00f3n del perfil de Instagram @instatrobades.<\/p>\n<p>La representante de @instatrobades, Rosa Mari Gabriel, explic\u00f3 que se ha convocado una veintena de instagramers procedentes de diferentes puntos de las cuatro demarcaciones de Catalu\u00f1a. Los participantes estar\u00e1n toda una jornada haciendo fotos por el casco antiguo de El Vendrell, las cuales ir\u00e1n publicando en sus perfiles de Instagram durante la semana siguiente. Pasados \u200b\u200bsiete d\u00edas desde el encuentro, se elegir\u00e1n las mejores fotos y los ganadores recibir\u00e1n los siguientes premios:<\/p>\n<p>-1\u00ba premio, 1 fin de semana en el Hotel NUBA de Comarruga @nubahotel);<\/p>\n<p>-2\u00ba premio, 2 entradas Aula Acu\u00e1tica,<\/p>\n<p>-y 3\u00ba premio, 1 lote de vinos de las Bodegas Avgvstvs Forvm (@avgvstvsforvm).<\/p>\n<p>La concejala de Turismo, Eva M. Serrami\u00e0, ha puesto de relieve la voluntad de la concejal\u00eda de tener m\u00e1s alcance a trav\u00e9s de las redes sociales y el Instagram es una plataforma que tiene mucho \u00e9xito por su contenido audiovisual, sobre todo por la publicaci\u00f3n de fotograf\u00edas que pueden ayudar a promocionar el destino tur\u00edstico. En este sentido, &quot;la intenci\u00f3n es acoger m\u00e1s encuentros de instagramers tematizadas&quot;.<\/p>\n<p>La concejala tambi\u00e9n ha agradecido la colaboraci\u00f3n de los establecimientos que han aportado los regalos para los premiados.<\/p>\n","protected":false},"excerpt":{"rendered":"<p>La Concejal\u00eda de Turismo ha organizado un encuentro de instagramers en el casco antiguo de El Vendrell que tendr\u00e1 lugar el s\u00e1bado 27 de mayo y cuenta con la colaboraci\u00f3n del perfil de Instagram @instatrobades. La representante de @instatrobades, Rosa Mari Gabriel, explic\u00f3 que se ha convocado una veintena de instagramers procedentes de diferentes puntos [&hellip;]<\/p>\n","protected":false},"author":1,"featured_media":23364,"comment_status":"open","ping_status":"closed","sticky":false,"template":"","format":"standard","meta":{"_acf_changed":false,"_et_pb_use_builder":"","_et_pb_old_content":"","_et_gb_content_width":"","content-type":"","footnotes":""},"categories":[],"tags":[],"dipi_cpt_category":[],"class_list":["post-24933","post","type-post","status-publish","format-standard","has-post-thumbnail","hentry"],"acf":[],"_links":{"self":[{"href":"https:\/\/www.elvendrellturisme.com\/es\/wp-json\/wp\/v2\/posts\/24933","targetHints":{"allow":["GET"]}}],"collection":[{"href":"https:\/\/www.elvendrellturisme.com\/es\/wp-json\/wp\/v2\/posts"}],"about":[{"href":"https:\/\/www.elvendrellturisme.com\/es\/wp-json\/wp\/v2\/types\/post"}],"author":[{"embeddable":true,"href":"https:\/\/www.elvendrellturisme.com\/es\/wp-json\/wp\/v2\/users\/1"}],"replies":[{"embeddable":true,"href":"https:\/\/www.elvendrellturisme.com\/es\/wp-json\/wp\/v2\/comments?post=24933"}],"version-history":[{"count":0,"href":"https:\/\/www.elvendrellturisme.com\/es\/wp-json\/wp\/v2\/posts\/24933\/revisions"}],"wp:featuredmedia":[{"embeddable":true,"href":"https:\/\/www.elvendrellturisme.com\/es\/wp-json\/wp\/v2\/media\/23364"}],"wp:attachment":[{"href":"https:\/\/www.elvendrellturisme.com\/es\/wp-json\/wp\/v2\/media?parent=24933"}],"wp:term":[{"taxonomy":"category","embeddable":true,"href":"https:\/\/www.elvendrellturisme.com\/es\/wp-json\/wp\/v2\/categories?post=24933"},{"taxonomy":"post_tag","embeddable":true,"href":"https:\/\/www.elvendrellturisme.com\/es\/wp-json\/wp\/v2\/tags?post=24933"},{"taxonomy":"dipi_cpt_category","embeddable":true,"href":"https:\/\/www.elvendrellturisme.com\/es\/wp-json\/wp\/v2\/dipi_cpt_category?post=24933"}],"curies":[{"name":"wp","href":"https:\/\/api.w.org\/{rel}","templated":true}]}}