{"id":24934,"date":"2017-05-24T13:52:10","date_gmt":"2017-05-24T13:52:10","guid":{"rendered":"http:\/\/tv.dms3labs.cat\/un-fin-de-semana-lleno-de-actividades-en-el-museo-deu\/"},"modified":"2017-05-24T13:52:10","modified_gmt":"2017-05-24T13:52:10","slug":"un-fin-de-semana-lleno-de-actividades-en-el-museo-deu","status":"publish","type":"post","link":"https:\/\/www.elvendrellturisme.com\/es\/un-fin-de-semana-lleno-de-actividades-en-el-museo-deu\/","title":{"rendered":"Un fin de semana lleno de actividades en el Museo Deu"},"content":{"rendered":"<p>Este pr\u00f3ximo fin de semana, el Museo Deu del Vendrell acoge y colabora en diversas actividades.<\/p>\n<p>El viernes d\u00eda 26 de mayo, a partir de las cinco de tarde y hasta las ocho de la tarde, el Museo Deu colabora con &quot;Emociona&#8217;t&quot;, una fiesta de las emociones organizada por el Proyecto de Comedores Educativos contra la exclusi\u00f3n social de el Ayuntamiento de el Vendrell con la Ballaruga, en varios talleres. A las siete y media, en el jard\u00edn, tendr\u00e1 lugar un concierto de cuencos tibetanos a cargo de Neus Navarro, psic\u00f3loga y coach. La entrada a todos los actos es gratuita y puede asistir todo el mundo.<\/p>\n<p>Por otra parte, el s\u00e1bado 27 de mayo, a las doce del mediod\u00eda, el Vinseum organiza &quot;Convidades a Mirar&quot; y el Museo Deu se desplaza hasta Vilafranca para participar en este ciclo, que trimestralmente invita a diferentes mujeres trabajadoras para dar a conocer el museo y sus colecciones de otra manera. N\u00faria Pay\u00e1n, directora del Museo Deu, conjuntamente con N\u00faria Ballester (Museo Pau Casals), Vinyet Panyella (Museos de Sitges) y Mireia Rosich (Biblioteca Museo V\u00edctor Balaguer de Vilanova y la Geltr\u00fa), colaboran. Ese mismo d\u00eda, el Museo Deu tambi\u00e9n colabora en el encuentro de instagramers en el casco antiguo de El Vendrell que organiza la Concejal\u00eda de Turismo.<\/p>\n<p>Finalmente, el mismo s\u00e1bado, por la tarde, hay programado un concierto en la emblem\u00e1tica sala de las alfombras, a cargo del Coro Joves Veus. En este concierto se podr\u00e1 disfrutar de tres bloques bien diferenciados. El primero, de car\u00e1cter m\u00e1s popular, con un conjunto de canciones tradicionales catalanas, como &quot;La Filadora&quot; o &quot;En Pere Galler\u00ed.&quot; El segundo bloque consta de piezas extra\u00eddas de bandas sonoras de pel\u00edculas y musicales bien conocidas, como Edelweiss de &quot;Sonrisas y L\u00e1grimas&quot; o Vois Sur ton Chemin de &quot;Los Chicos del Coro&quot;. Y, el \u00faltimo, ser\u00e1 un conjunto de canciones compuestas por Josep Vila con poemas de Miquel Desclot, las cuales ya son unas obras bien conocidas en el panorama coral catal\u00e1n. Todo el concierto se har\u00e1 con el acompa\u00f1amiento al piano de Albert Recasens.<\/p>\n<p>El Coro Joves Veus naci\u00f3 en El Vendrell en 1989 y est\u00e1 formado por un grupo de hombres y mujeres. Su trayectoria musical es bien conocida en la zona, sobre todo para espect\u00e1culos musicales como Espai Buit (2004) o La Resposta (2010), as\u00ed como la participaci\u00f3n en el Certamen Coral de Cocentaina y conciertos en Alguer y en Roma. Siempre ha participado en los ya tradicionales conciertos de Santa Cecilia y de Navidad junto con la Coral Infantil El Petit Estel y el Coro Orfe\u00f3n Parroquial del Vendrell. Actualmente, est\u00e1 formado por 18 chicas de entre 15 y 25 a\u00f1os bajo la direcci\u00f3n de Xavier Sol\u00e9 Gonz\u00e1lez. Xavier Sol\u00e9 Gonz\u00e1lez es graduado en Ingenier\u00eda en Tecnolog\u00edas Industriales por la UPC y compagina sus tareas cient\u00edfico-t\u00e9cnicas con la m\u00fasica.<\/p>\n<p>Para m\u00e1s informaci\u00f3n:<\/p>\n<p>Museo Deu. Plaza Nova, 6.<br \/>\nTel. 977 666 308<br \/>\nwww.museudeu.com \/ museudeu@elvendrell.net<\/p>\n","protected":false},"excerpt":{"rendered":"<p>Este pr\u00f3ximo fin de semana, el Museo Deu del Vendrell acoge y colabora en diversas actividades. El viernes d\u00eda 26 de mayo, a partir de las cinco de tarde y hasta las ocho de la tarde, el Museo Deu colabora con &quot;Emociona&#8217;t&quot;, una fiesta de las emociones organizada por el Proyecto de Comedores Educativos contra [&hellip;]<\/p>\n","protected":false},"author":1,"featured_media":23366,"comment_status":"open","ping_status":"closed","sticky":false,"template":"","format":"standard","meta":{"_acf_changed":false,"_et_pb_use_builder":"","_et_pb_old_content":"","_et_gb_content_width":"","content-type":"","footnotes":""},"categories":[],"tags":[],"dipi_cpt_category":[],"class_list":["post-24934","post","type-post","status-publish","format-standard","has-post-thumbnail","hentry"],"acf":[],"_links":{"self":[{"href":"https:\/\/www.elvendrellturisme.com\/es\/wp-json\/wp\/v2\/posts\/24934","targetHints":{"allow":["GET"]}}],"collection":[{"href":"https:\/\/www.elvendrellturisme.com\/es\/wp-json\/wp\/v2\/posts"}],"about":[{"href":"https:\/\/www.elvendrellturisme.com\/es\/wp-json\/wp\/v2\/types\/post"}],"author":[{"embeddable":true,"href":"https:\/\/www.elvendrellturisme.com\/es\/wp-json\/wp\/v2\/users\/1"}],"replies":[{"embeddable":true,"href":"https:\/\/www.elvendrellturisme.com\/es\/wp-json\/wp\/v2\/comments?post=24934"}],"version-history":[{"count":0,"href":"https:\/\/www.elvendrellturisme.com\/es\/wp-json\/wp\/v2\/posts\/24934\/revisions"}],"wp:featuredmedia":[{"embeddable":true,"href":"https:\/\/www.elvendrellturisme.com\/es\/wp-json\/wp\/v2\/media\/23366"}],"wp:attachment":[{"href":"https:\/\/www.elvendrellturisme.com\/es\/wp-json\/wp\/v2\/media?parent=24934"}],"wp:term":[{"taxonomy":"category","embeddable":true,"href":"https:\/\/www.elvendrellturisme.com\/es\/wp-json\/wp\/v2\/categories?post=24934"},{"taxonomy":"post_tag","embeddable":true,"href":"https:\/\/www.elvendrellturisme.com\/es\/wp-json\/wp\/v2\/tags?post=24934"},{"taxonomy":"dipi_cpt_category","embeddable":true,"href":"https:\/\/www.elvendrellturisme.com\/es\/wp-json\/wp\/v2\/dipi_cpt_category?post=24934"}],"curies":[{"name":"wp","href":"https:\/\/api.w.org\/{rel}","templated":true}]}}