{"id":24938,"date":"2017-05-30T12:23:09","date_gmt":"2017-05-30T12:23:09","guid":{"rendered":"http:\/\/tv.dms3labs.cat\/durante-esta-semana-se-iran-colgando-fotos-del-encuentro-de-instagramers-en-el-casco-antiguo-de-el-vendrell\/"},"modified":"2017-05-30T12:23:09","modified_gmt":"2017-05-30T12:23:09","slug":"durante-esta-semana-se-iran-colgando-fotos-del-encuentro-de-instagramers-en-el-casco-antiguo-de-el-vendrell","status":"publish","type":"post","link":"https:\/\/www.elvendrellturisme.com\/es\/durante-esta-semana-se-iran-colgando-fotos-del-encuentro-de-instagramers-en-el-casco-antiguo-de-el-vendrell\/","title":{"rendered":"Durante esta semana se ir\u00e1n colgando fotos del encuentro de instagramers en el casco antiguo de El Vendrell"},"content":{"rendered":"<p>El pasado s\u00e1bado 27 de mayo, tuvo lugar un encuentro de instagramers el casco antiguo del Vendrell organizada por la Concejal\u00eda de Turismo con la colaboraci\u00f3n del perfil de Instagram @instatrobades.<\/p>\n<p>La representante de @instatrobades, Rosa Mari Gabriel, explic\u00f3 que la jornada fue muy bien y que ahora toca ver los resultados. Se convocaron una veintena de instagramers procedentes de diferentes puntos de las cuatro demarcaciones de Catalu\u00f1a. Los participantes estuvieron toda una jornada haciendo fotos por el casco antiguo de El Vendrell, las cuales se ir\u00e1n publicando en sus perfiles de Instagram durante esta semana con menciones a @turismevendrell y @instatrobades y con las etiquetas #instatrobadesElVendrell, #instatrobadaturismevendrell, #turismevendrell, #nubahotel, #cellersaugustus, #ElVendrell y #BaixPenedes.<\/p>\n<p>Una vez pasada esta semana, se elegir\u00e1n las mejores fotos y los ganadores recibir\u00e1n los siguientes premios:<\/p>\n<p>-1\u00ba premio, 1 fin de semana en el Hotel NUBA de Comarruga (@nubahotel);<\/p>\n<p>-2\u00ba premio, 2 entradas Aula Acu\u00e1tica,<\/p>\n<p>-y 3\u00ba premio, 1 lote de vinos de las Bodegas Avgvstvs Forvm (@avgvstvsforvm).<\/p>\n","protected":false},"excerpt":{"rendered":"<p>El pasado s\u00e1bado 27 de mayo, tuvo lugar un encuentro de instagramers el casco antiguo del Vendrell organizada por la Concejal\u00eda de Turismo con la colaboraci\u00f3n del perfil de Instagram @instatrobades. La representante de @instatrobades, Rosa Mari Gabriel, explic\u00f3 que la jornada fue muy bien y que ahora toca ver los resultados. Se convocaron una [&hellip;]<\/p>\n","protected":false},"author":1,"featured_media":23374,"comment_status":"open","ping_status":"closed","sticky":false,"template":"","format":"standard","meta":{"_acf_changed":false,"_et_pb_use_builder":"","_et_pb_old_content":"","_et_gb_content_width":"","content-type":"","footnotes":""},"categories":[],"tags":[],"dipi_cpt_category":[],"class_list":["post-24938","post","type-post","status-publish","format-standard","has-post-thumbnail","hentry"],"acf":[],"_links":{"self":[{"href":"https:\/\/www.elvendrellturisme.com\/es\/wp-json\/wp\/v2\/posts\/24938","targetHints":{"allow":["GET"]}}],"collection":[{"href":"https:\/\/www.elvendrellturisme.com\/es\/wp-json\/wp\/v2\/posts"}],"about":[{"href":"https:\/\/www.elvendrellturisme.com\/es\/wp-json\/wp\/v2\/types\/post"}],"author":[{"embeddable":true,"href":"https:\/\/www.elvendrellturisme.com\/es\/wp-json\/wp\/v2\/users\/1"}],"replies":[{"embeddable":true,"href":"https:\/\/www.elvendrellturisme.com\/es\/wp-json\/wp\/v2\/comments?post=24938"}],"version-history":[{"count":0,"href":"https:\/\/www.elvendrellturisme.com\/es\/wp-json\/wp\/v2\/posts\/24938\/revisions"}],"wp:featuredmedia":[{"embeddable":true,"href":"https:\/\/www.elvendrellturisme.com\/es\/wp-json\/wp\/v2\/media\/23374"}],"wp:attachment":[{"href":"https:\/\/www.elvendrellturisme.com\/es\/wp-json\/wp\/v2\/media?parent=24938"}],"wp:term":[{"taxonomy":"category","embeddable":true,"href":"https:\/\/www.elvendrellturisme.com\/es\/wp-json\/wp\/v2\/categories?post=24938"},{"taxonomy":"post_tag","embeddable":true,"href":"https:\/\/www.elvendrellturisme.com\/es\/wp-json\/wp\/v2\/tags?post=24938"},{"taxonomy":"dipi_cpt_category","embeddable":true,"href":"https:\/\/www.elvendrellturisme.com\/es\/wp-json\/wp\/v2\/dipi_cpt_category?post=24938"}],"curies":[{"name":"wp","href":"https:\/\/api.w.org\/{rel}","templated":true}]}}