{"id":24942,"date":"2017-06-01T14:01:05","date_gmt":"2017-06-01T14:01:05","guid":{"rendered":"http:\/\/tv.dms3labs.cat\/el-proximo-lunes-se-abren-las-inscripciones-para-los-cursos-de-natacion-de-verano\/"},"modified":"2017-06-01T14:01:05","modified_gmt":"2017-06-01T14:01:05","slug":"el-proximo-lunes-se-abren-las-inscripciones-para-los-cursos-de-natacion-de-verano","status":"publish","type":"post","link":"https:\/\/www.elvendrellturisme.com\/es\/el-proximo-lunes-se-abren-las-inscripciones-para-los-cursos-de-natacion-de-verano\/","title":{"rendered":"El pr\u00f3ximo lunes se abren las inscripciones para los cursos de nataci\u00f3n de verano"},"content":{"rendered":"<p>A partir del pr\u00f3ximo lunes 5 de junio se abren las inscripciones para los cursos de nataci\u00f3n de este verano 2017, organizados por la Concejal\u00eda de Deportes del Ayuntamiento de El Vendrell.<\/p>\n<p>Estos se llevar\u00e1n a cabo del 3 al 28 de julio en la piscina de la Avenida del Campo d&#8217;Esports. Los cursos est\u00e1n organizados por quincenas y se ofrecen para ni\u00f1os y tambi\u00e9n para adultos.<\/p>\n","protected":false},"excerpt":{"rendered":"<p>A partir del pr\u00f3ximo lunes 5 de junio se abren las inscripciones para los cursos de nataci\u00f3n de este verano 2017, organizados por la Concejal\u00eda de Deportes del Ayuntamiento de El Vendrell. Estos se llevar\u00e1n a cabo del 3 al 28 de julio en la piscina de la Avenida del Campo d&#8217;Esports. Los cursos est\u00e1n [&hellip;]<\/p>\n","protected":false},"author":1,"featured_media":23382,"comment_status":"open","ping_status":"closed","sticky":false,"template":"","format":"standard","meta":{"_acf_changed":false,"_et_pb_use_builder":"","_et_pb_old_content":"","_et_gb_content_width":"","content-type":"","footnotes":""},"categories":[],"tags":[],"dipi_cpt_category":[],"class_list":["post-24942","post","type-post","status-publish","format-standard","has-post-thumbnail","hentry"],"acf":[],"_links":{"self":[{"href":"https:\/\/www.elvendrellturisme.com\/es\/wp-json\/wp\/v2\/posts\/24942","targetHints":{"allow":["GET"]}}],"collection":[{"href":"https:\/\/www.elvendrellturisme.com\/es\/wp-json\/wp\/v2\/posts"}],"about":[{"href":"https:\/\/www.elvendrellturisme.com\/es\/wp-json\/wp\/v2\/types\/post"}],"author":[{"embeddable":true,"href":"https:\/\/www.elvendrellturisme.com\/es\/wp-json\/wp\/v2\/users\/1"}],"replies":[{"embeddable":true,"href":"https:\/\/www.elvendrellturisme.com\/es\/wp-json\/wp\/v2\/comments?post=24942"}],"version-history":[{"count":0,"href":"https:\/\/www.elvendrellturisme.com\/es\/wp-json\/wp\/v2\/posts\/24942\/revisions"}],"wp:featuredmedia":[{"embeddable":true,"href":"https:\/\/www.elvendrellturisme.com\/es\/wp-json\/wp\/v2\/media\/23382"}],"wp:attachment":[{"href":"https:\/\/www.elvendrellturisme.com\/es\/wp-json\/wp\/v2\/media?parent=24942"}],"wp:term":[{"taxonomy":"category","embeddable":true,"href":"https:\/\/www.elvendrellturisme.com\/es\/wp-json\/wp\/v2\/categories?post=24942"},{"taxonomy":"post_tag","embeddable":true,"href":"https:\/\/www.elvendrellturisme.com\/es\/wp-json\/wp\/v2\/tags?post=24942"},{"taxonomy":"dipi_cpt_category","embeddable":true,"href":"https:\/\/www.elvendrellturisme.com\/es\/wp-json\/wp\/v2\/dipi_cpt_category?post=24942"}],"curies":[{"name":"wp","href":"https:\/\/api.w.org\/{rel}","templated":true}]}}