{"id":24947,"date":"2017-06-07T10:23:26","date_gmt":"2017-06-07T10:23:26","guid":{"rendered":"http:\/\/tv.dms3labs.cat\/la-fundacion-apel%c2%b7les-fenosa-presenta-la-nueva-exposicion-coco-chanel-apel%c2%b7les-fenosa-y-el-ballet-bacchanale\/"},"modified":"2017-06-07T10:23:26","modified_gmt":"2017-06-07T10:23:26","slug":"la-fundacion-apel%c2%b7les-fenosa-presenta-la-nueva-exposicion-coco-chanel-apel%c2%b7les-fenosa-y-el-ballet-bacchanale","status":"publish","type":"post","link":"https:\/\/www.elvendrellturisme.com\/es\/la-fundacion-apel%c2%b7les-fenosa-presenta-la-nueva-exposicion-coco-chanel-apel%c2%b7les-fenosa-y-el-ballet-bacchanale\/","title":{"rendered":"La Fundaci\u00f3n Apel\u00b7les Fenosa presenta la nueva exposici\u00f3n &quot;Coco Chanel, Apel\u00b7les Fenosa y el Ballet Bacchanale&quot;"},"content":{"rendered":"<p>El pr\u00f3ximo s\u00e1bado 17 de junio, a las 12.30h, la Fundaci\u00f3n Apel\u00b7les Fenosa acoger\u00e1 la inauguraci\u00f3n de la muestra &quot;Coco Chanel, Apel\u00b7les Fenosa y el Ballet Bacchanale&quot;, en un acto abierto al p\u00fablico donde se celebrar\u00e1 tambi\u00e9n la concesi\u00f3n del Premio Nacional de Cultura 2017 en la Fundaci\u00f3n.<\/p>\n<p>La exposici\u00f3n reproduce algunos de los objetos del Ballet, realizados bajo la coordinaci\u00f3n del escultor Philippe Lavaill, director del Aula de Escultura de Investigaci\u00f3n Fenosiana del Vendrell, y sus alumnos.<\/p>\n<p>El d\u00eda de la inauguraci\u00f3n de la muestra se har\u00e1 una performance con actores que llevar\u00e1n estos objetos bajo la m\u00fasica wagneriana elegida por el Ballet.<\/p>\n<p>En el mismo acto, la Fundaci\u00f3n Apel\u00b7les Fenosa compartir\u00e1 con los asistentes el PREMIO NACIONAL DE CULTURA 2017. Tambi\u00e9n se har\u00e1 la inauguraci\u00f3n de la restauraci\u00f3n de la G\u00c1RGOLA de la torre medieval de la Casa del Portal del Pardo.<\/p>\n<p>El Ballet Bacchanale de Salvador Dal\u00ed (fragmentos extra\u00eddos del Cat\u00e1logo)<\/p>\n<p>El Ballet se hab\u00eda estrenado en Londres en septiembre de 1939, pero la declaraci\u00f3n de Guerra lo complic\u00f3. Finalmente se estren\u00f3 en Nueva York en noviembre de 1939. Dal\u00ed no quer\u00eda, ya que Chanel no dej\u00f3 viajar el vestuario que ya estaba hecho. Finalmente fue un \u00e9xito en Nueva York y Dal\u00ed lo acept\u00f3.<\/p>\n<p>El proyecto ha investigado todo lo que ya estaba hecho antes del estreno en Nueva York y como Dal\u00ed y Chanel lo preparaban, y como Fenosa colabor\u00f3 \u200b\u200ben los objetos y como otro exiliado, Antonio Canovas del Castillo, tambi\u00e9n colabor\u00f3.<\/p>\n<p>En concreto, Apel\u00b7les Fenosa colabora en la ejecuci\u00f3n de los objetos del Ballet junto a Coco Chanel y de esta relaci\u00f3n nace un amor que les har\u00e1 convivir juntos en el mes de septiembre de 1939.<\/p>\n<p>Dal\u00ed estaba en Font Romeu y daba instrucciones desde la distancia.<\/p>\n<p>Una de las figuras ejecutadas por ambos es la cabeza de la figura de &quot;Leda&quot;, que es una imagen muy daliniana. Fenosa realiz\u00f3 un dibujo preparatorio y en una fotograf\u00eda de la muestra aparece Coco Chanel poniendo el casco con el cisne al mismo Fenosa.<\/p>\n<p>Todas estas figuras se ejecutan en los talleres de Chanel, en la Rue Cambon de Par\u00eds, en agosto de 1939. Fenosa se instala en el Hotel Ritz el mes de septiembre y, despu\u00e9s, cede la habitaci\u00f3n del hotel a Jean Cocteau y \u00e9ste cede a Fenosa su apartamento. De esta manera ambos est\u00e1n cerca de la Rue Cambon.<\/p>\n<p>Una de las figuras centrales del ballet es el &quot;Caballero de la Muerte&quot;: Dal\u00ed imagina un bailar\u00edn dentro de un paraguas gigante. Aparentemente es un esqueleto dentro de un paraguas invertido. Fenosa dibuja varias opciones para un<br \/>\n pie de ave. Estos dibujos y fotograf\u00edas son el \u00fanico testimonio que existe. Chanel encuentra una soluci\u00f3n original para este pie inc\u00f3modo por los bailarines: lo hace ficticio y se mueve mientras el bailar\u00edn lleva las piernas negras y el espectador s\u00f3lo ve una pierna ortop\u00e9dica en movimiento.<\/p>\n<p>Una de las figuras centrales del ballet es el &quot;Caballero de la Muerte&quot;: Dal\u00ed imagina un bailar\u00edn dentro de un paraguas gigante. Aparentemente es un esqueleto dentro de un paraguas invertido. Fenosa dibuja varias opciones para una pie de ave. Estos dibujos y fotograf\u00edas son el \u00fanico testimonio que existe. Chanel encuentra una soluci\u00f3n original para este pie inc\u00f3modo por los bailarines: lo hace ficticio y se mueve mientras el bailar\u00edn lleva las piernas negras y el espectador s\u00f3lo ve una pierna ortop\u00e9dica en movimiento.<\/p>\n<p>A principios de septiembre de 1939 cierran el Hotel de Font Romeu y los Dal\u00ed vuelven a Par\u00eds. Francia declara la Guerra a Alemania. El d\u00eda 10 de septiembre los Dal\u00ed est\u00e1n en Par\u00eds, despu\u00e9s se van a Arcachon. La Compa\u00f1\u00eda de los Ballets Rusos suspende el espect\u00e1culo y el d\u00eda 14 de septiembre Massine llega a New York. Es el primero que llega y empieza a hacer casting a 6 chicos y 6 chicas con la voluntad de estrenar el Ballet en Nueva York. Tres semanas despu\u00e9s de la declaraci\u00f3n de Guerra, Chanel cierra los talleres. Chanel se niega a dejar viajar sus vestidos y objetos en Nueva York si no viajan con Dal\u00ed. E. James escribe a Dal\u00ed para decir que Barbara Karinska podr\u00eda hacer los vestidos en Nueva York. E. James escribe a Dal\u00ed diciendo que un criado llevar\u00eda los trajes de Chanel. Dal\u00ed escribe a Edward James pidi\u00e9ndole que hable con Massine para aplazar el estreno de la Bachannale. James le dice que es imposible ya que Massine tiene todos los derechos.<\/p>\n<p>Finalmente, Karinka hace los nuevos trajes y el 9 de noviembre se estrena la Bacchanale en Nueva York, con un gran \u00e9xito.<\/p>\n","protected":false},"excerpt":{"rendered":"<p>El pr\u00f3ximo s\u00e1bado 17 de junio, a las 12.30h, la Fundaci\u00f3n Apel\u00b7les Fenosa acoger\u00e1 la inauguraci\u00f3n de la muestra &quot;Coco Chanel, Apel\u00b7les Fenosa y el Ballet Bacchanale&quot;, en un acto abierto al p\u00fablico donde se celebrar\u00e1 tambi\u00e9n la concesi\u00f3n del Premio Nacional de Cultura 2017 en la Fundaci\u00f3n. La exposici\u00f3n reproduce algunos de los objetos [&hellip;]<\/p>\n","protected":false},"author":1,"featured_media":23392,"comment_status":"open","ping_status":"closed","sticky":false,"template":"","format":"standard","meta":{"_acf_changed":false,"_et_pb_use_builder":"","_et_pb_old_content":"","_et_gb_content_width":"","content-type":"","footnotes":""},"categories":[],"tags":[],"dipi_cpt_category":[],"class_list":["post-24947","post","type-post","status-publish","format-standard","has-post-thumbnail","hentry"],"acf":[],"_links":{"self":[{"href":"https:\/\/www.elvendrellturisme.com\/es\/wp-json\/wp\/v2\/posts\/24947","targetHints":{"allow":["GET"]}}],"collection":[{"href":"https:\/\/www.elvendrellturisme.com\/es\/wp-json\/wp\/v2\/posts"}],"about":[{"href":"https:\/\/www.elvendrellturisme.com\/es\/wp-json\/wp\/v2\/types\/post"}],"author":[{"embeddable":true,"href":"https:\/\/www.elvendrellturisme.com\/es\/wp-json\/wp\/v2\/users\/1"}],"replies":[{"embeddable":true,"href":"https:\/\/www.elvendrellturisme.com\/es\/wp-json\/wp\/v2\/comments?post=24947"}],"version-history":[{"count":0,"href":"https:\/\/www.elvendrellturisme.com\/es\/wp-json\/wp\/v2\/posts\/24947\/revisions"}],"wp:featuredmedia":[{"embeddable":true,"href":"https:\/\/www.elvendrellturisme.com\/es\/wp-json\/wp\/v2\/media\/23392"}],"wp:attachment":[{"href":"https:\/\/www.elvendrellturisme.com\/es\/wp-json\/wp\/v2\/media?parent=24947"}],"wp:term":[{"taxonomy":"category","embeddable":true,"href":"https:\/\/www.elvendrellturisme.com\/es\/wp-json\/wp\/v2\/categories?post=24947"},{"taxonomy":"post_tag","embeddable":true,"href":"https:\/\/www.elvendrellturisme.com\/es\/wp-json\/wp\/v2\/tags?post=24947"},{"taxonomy":"dipi_cpt_category","embeddable":true,"href":"https:\/\/www.elvendrellturisme.com\/es\/wp-json\/wp\/v2\/dipi_cpt_category?post=24947"}],"curies":[{"name":"wp","href":"https:\/\/api.w.org\/{rel}","templated":true}]}}