{"id":24952,"date":"2017-06-15T14:17:46","date_gmt":"2017-06-15T14:17:46","guid":{"rendered":"http:\/\/tv.dms3labs.cat\/la-feria-turismar-abre-la-temporada-de-verano-en-el-vendrell\/"},"modified":"2017-06-15T14:17:46","modified_gmt":"2017-06-15T14:17:46","slug":"la-feria-turismar-abre-la-temporada-de-verano-en-el-vendrell","status":"publish","type":"post","link":"https:\/\/www.elvendrellturisme.com\/es\/la-feria-turismar-abre-la-temporada-de-verano-en-el-vendrell\/","title":{"rendered":"La feria Turismar abre la temporada de verano en el Vendrell"},"content":{"rendered":"<p>Del 23 al 25 de junio, la 31\u00aa edici\u00f3n de la feria Turismar llenar\u00e1 de nuevo la plaza Germans Trillas as\u00ed como la avenida Brisamar de Coma-ruga.<\/p>\n<p>Coincidiendo con la festividad de San Juan, la feria Turismar se presenta como una nueva oportunidad para dar la bienvenida a los veraneantes y residentes que eligen nuestra ciudad para pasar sus vacaciones y su tiempo de ocio.<\/p>\n<p>La oferta comercial de los stands multisectoriales se combinar\u00e1, un a\u00f1o m\u00e1s, con una programaci\u00f3n de actos que, en palabras del concejal de Promoci\u00f3n Econ\u00f3mica, Kenneth Mart\u00ednez, &quot;cada a\u00f1o m\u00e1s tratan de proporcionar una oferta l\u00fadica y cultural de tarde-noche muy entretenida para el p\u00fablico familiar &quot;. En la Feria tambi\u00e9n se podr\u00e1n encontrar expositores que ofrecen servicios y productos enmarcados en el sector tur\u00edstico y de ocio de El Vendrell y comarca.<\/p>\n<p>Para celebrar el inicio del verano, en la feria Turismar se podr\u00e1 disfrutar de sardanas, actuaci\u00f3n castellera, fuegos artificiales, conciertos, espect\u00e1culos de calle, exhibiciones deportivas, food trucks y muchos m\u00e1s atractivos.<\/p>\n<p>Este a\u00f1o tambi\u00e9n, durante los d\u00edas de feria, y aprovechando el numeroso p\u00fablico visitante de la muestra, desde el stand del Ayuntamiento se har\u00e1 difusi\u00f3n de la concesi\u00f3n de la subvenci\u00f3n FEDER para recuperar y dinamizar el espacio p\u00fablico y los elementos patrimoniales del centro urbano de Coma-ruga. En palabras del concejal de Promoci\u00f3n Econ\u00f3mica, &quot;este proyecto ser\u00e1 una gran oportunidad que servir\u00e1 para reactivar su potencial econ\u00f3mico, social, cultural y tur\u00edstico, y para mejorar la calidad de vida de los ciudadanos y ciudadanas que viven todo el a\u00f1o, con los que se contar\u00e1 para definir los detalles del proyecto &quot;.<br \/>\nLa inauguraci\u00f3n oficial de la feria Turismar tendr\u00e1 lugar el viernes 23 de junio, a las 18 h.<\/p>\n<p>El programa de actos se puede consultar en la web municipal: https:\/\/elvendrell.net\/fira-turismar-cid-593<\/p>\n","protected":false},"excerpt":{"rendered":"<p>Del 23 al 25 de junio, la 31\u00aa edici\u00f3n de la feria Turismar llenar\u00e1 de nuevo la plaza Germans Trillas as\u00ed como la avenida Brisamar de Coma-ruga. Coincidiendo con la festividad de San Juan, la feria Turismar se presenta como una nueva oportunidad para dar la bienvenida a los veraneantes y residentes que eligen nuestra [&hellip;]<\/p>\n","protected":false},"author":1,"featured_media":23402,"comment_status":"open","ping_status":"closed","sticky":false,"template":"","format":"standard","meta":{"_acf_changed":false,"_et_pb_use_builder":"","_et_pb_old_content":"","_et_gb_content_width":"","content-type":"","footnotes":""},"categories":[],"tags":[],"dipi_cpt_category":[],"class_list":["post-24952","post","type-post","status-publish","format-standard","has-post-thumbnail","hentry"],"acf":[],"_links":{"self":[{"href":"https:\/\/www.elvendrellturisme.com\/es\/wp-json\/wp\/v2\/posts\/24952","targetHints":{"allow":["GET"]}}],"collection":[{"href":"https:\/\/www.elvendrellturisme.com\/es\/wp-json\/wp\/v2\/posts"}],"about":[{"href":"https:\/\/www.elvendrellturisme.com\/es\/wp-json\/wp\/v2\/types\/post"}],"author":[{"embeddable":true,"href":"https:\/\/www.elvendrellturisme.com\/es\/wp-json\/wp\/v2\/users\/1"}],"replies":[{"embeddable":true,"href":"https:\/\/www.elvendrellturisme.com\/es\/wp-json\/wp\/v2\/comments?post=24952"}],"version-history":[{"count":0,"href":"https:\/\/www.elvendrellturisme.com\/es\/wp-json\/wp\/v2\/posts\/24952\/revisions"}],"wp:featuredmedia":[{"embeddable":true,"href":"https:\/\/www.elvendrellturisme.com\/es\/wp-json\/wp\/v2\/media\/23402"}],"wp:attachment":[{"href":"https:\/\/www.elvendrellturisme.com\/es\/wp-json\/wp\/v2\/media?parent=24952"}],"wp:term":[{"taxonomy":"category","embeddable":true,"href":"https:\/\/www.elvendrellturisme.com\/es\/wp-json\/wp\/v2\/categories?post=24952"},{"taxonomy":"post_tag","embeddable":true,"href":"https:\/\/www.elvendrellturisme.com\/es\/wp-json\/wp\/v2\/tags?post=24952"},{"taxonomy":"dipi_cpt_category","embeddable":true,"href":"https:\/\/www.elvendrellturisme.com\/es\/wp-json\/wp\/v2\/dipi_cpt_category?post=24952"}],"curies":[{"name":"wp","href":"https:\/\/api.w.org\/{rel}","templated":true}]}}