{"id":24953,"date":"2017-06-15T14:22:56","date_gmt":"2017-06-15T14:22:56","guid":{"rendered":"http:\/\/tv.dms3labs.cat\/la-fundacion-apel%c2%b7les-fenosa-recibe-el-premio-nacional-de-cultura\/"},"modified":"2017-06-15T14:22:56","modified_gmt":"2017-06-15T14:22:56","slug":"la-fundacion-apel%c2%b7les-fenosa-recibe-el-premio-nacional-de-cultura","status":"publish","type":"post","link":"https:\/\/www.elvendrellturisme.com\/es\/la-fundacion-apel%c2%b7les-fenosa-recibe-el-premio-nacional-de-cultura\/","title":{"rendered":"La Fundaci\u00f3n Apel\u00b7les Fenosa recibe el Premio Nacional de Cultura"},"content":{"rendered":"<p>Anoche, en el Teatro Municipal La Sala de Rub\u00ed, se celebr\u00f3 el acto de entrega de los Premios Nacionales de Cultura 2017 que concede anualmente el Consejo Nacional de la Cultura y de las Artes (CoNCA).<\/p>\n<p>La Fundaci\u00f3n Apel\u00b7les Fenosa de El Vendrell fue uno de los premiados con estos galardones, que reconocen a figuras y entidades que han contribuido y contribuyen a dar m\u00e1s relevancia a la cultura catalana, ya sea por la labor intelectual, art\u00edstica o de identidad compartida que desarrollan.<\/p>\n<p>La ceremonia estuvo presidida por el presidente de la Generalitat, Carles Puigdemont y transmitida en directo por TV3. El galard\u00f3n de la fundaci\u00f3n vendrellenca lo recogieron el alcalde de El Vendrell y presidente de la Fundaci\u00f3n Fenosa, Mart\u00ed Carnicer, y su director, Josep Miquel Garc\u00eda. En el acto tambi\u00e9n estuvieron presentes el ex alcalde Benet Jan\u00e9 y la ex alcaldesa Helena Arribas, as\u00ed como varios miembros del Patronato de la Fundaci\u00f3n.<\/p>\n<p>El Premio Nacional de Cultura reconoce la puesta en valor que ha hecho la Fundaci\u00f3n Fenosa de la obra del escultor, con una relevante proyecci\u00f3n europea, desde la casa del Portal del Pardo, en El Vendrell, que adquiri\u00f3 el artista el 1957. Las exposiciones monogr\u00e1ficas que se exhiben explican las relaciones que Fenosa mantuvo con creadores relevantes de la vanguardia hist\u00f3rica, como Coco Chanel, Nicolas de St\u00e4el, Paul \u00c9luard, Jean Cocteau o Picasso.<\/p>\n<p>El alcalde de El Vendrell, en el momento de agradecer el premio, expres\u00f3 el deseo de que este sirva para que la gente conozca a\u00fan m\u00e1s la figura del escultor Apel\u00b7les Fenosa &quot;un artista catal\u00e1n del siglo XX, exiliado dos veces y enterrado en Par\u00eds, que fue alabado y amado por las personalidades m\u00e1s brillantes de la cultura europea de su tiempo, como Pablo Picasso, Jean Cocteau, Paul Eluard, Tristan Tzara, Coco Chanel, Pablo Neruda, C\u00e9sar Vallejo, o Carles Riba y Salvador Espriu &quot;. Y al mismo tiempo, a\u00f1adi\u00f3 Carnicer, el galard\u00f3n debe servir &quot;para que los catalanes visiten nuestro Museo, instalado en el Vendrell en una Casa Palacio renacentista, que fue el taller de verano de Fenosa, y que conserva un aura especial, con un jard\u00edn de esculturas que hace que los que lo visitan marchen con un grado elevado de sensibilidad y satisfacci\u00f3n &quot;.<\/p>\n<p>Durante el acto, el presidente de la Generalitat, Carles Puigdemont, reivindic\u00f3 el papel fundamental de la cultura en nuestra sociedad y asegur\u00f3 que todav\u00eda &quot;no le hemos devuelto todo lo que ha hecho&quot;. &quot;En esta obra ingente que nos ha salvado palabras y esp\u00edritu le debemos justicia, reconocimiento y respeto. La cultura nos ha salvado como sociedad viva, despierta y esperanzada, que hoy tiene una vocaci\u00f3n imparable de contribuir al mundo a trav\u00e9s de la creaci\u00f3n m\u00e1s genuina&quot;, destac\u00f3.<\/p>\n<p>Adem\u00e1s de la Fundaci\u00f3n Apel\u00b7les Fenosa, el CoNCA ha distinguido este a\u00f1o al editor Josep Cots; la fot\u00f3grafa Mar\u00eda Espeus; el escritor Joan Francesc Mira; el compositor H\u00e9ctor Parra; el cantautor Raimon; el director de FICOMIC (entidad organizadora del Sal\u00f3n Internacional del C\u00f3mic y del Sal\u00f3n del Manga en Barcelona), Carles Santamaria; el Secretariado de Corales Infantiles de Catalu\u00f1a; el director y productor de cine Albert Serra y la actriz Emma Vilarasau.<\/p>\n<p>Este pr\u00f3ximo s\u00e1bado 17 de junio, a las 12.30h, la Fundaci\u00f3n Apel\u00b7les Fenosa acoger\u00e1 la inauguraci\u00f3n de la muestra &quot;Coco Chanel &#8211; Apel\u00b7les Fenosa y el Ballet Bacchanale&quot;, en un acto abierto al p\u00fablico, en el que la Fundaci\u00f3n Apel \u00b7 las Fenosa compartir\u00e1 con los asistentes el Premio Nacional de Cultura 2017.<\/p>\n","protected":false},"excerpt":{"rendered":"<p>Anoche, en el Teatro Municipal La Sala de Rub\u00ed, se celebr\u00f3 el acto de entrega de los Premios Nacionales de Cultura 2017 que concede anualmente el Consejo Nacional de la Cultura y de las Artes (CoNCA). La Fundaci\u00f3n Apel\u00b7les Fenosa de El Vendrell fue uno de los premiados con estos galardones, que reconocen a figuras [&hellip;]<\/p>\n","protected":false},"author":1,"featured_media":23404,"comment_status":"open","ping_status":"closed","sticky":false,"template":"","format":"standard","meta":{"_acf_changed":false,"_et_pb_use_builder":"","_et_pb_old_content":"","_et_gb_content_width":"","content-type":"","footnotes":""},"categories":[],"tags":[],"dipi_cpt_category":[],"class_list":["post-24953","post","type-post","status-publish","format-standard","has-post-thumbnail","hentry"],"acf":[],"_links":{"self":[{"href":"https:\/\/www.elvendrellturisme.com\/es\/wp-json\/wp\/v2\/posts\/24953","targetHints":{"allow":["GET"]}}],"collection":[{"href":"https:\/\/www.elvendrellturisme.com\/es\/wp-json\/wp\/v2\/posts"}],"about":[{"href":"https:\/\/www.elvendrellturisme.com\/es\/wp-json\/wp\/v2\/types\/post"}],"author":[{"embeddable":true,"href":"https:\/\/www.elvendrellturisme.com\/es\/wp-json\/wp\/v2\/users\/1"}],"replies":[{"embeddable":true,"href":"https:\/\/www.elvendrellturisme.com\/es\/wp-json\/wp\/v2\/comments?post=24953"}],"version-history":[{"count":0,"href":"https:\/\/www.elvendrellturisme.com\/es\/wp-json\/wp\/v2\/posts\/24953\/revisions"}],"wp:featuredmedia":[{"embeddable":true,"href":"https:\/\/www.elvendrellturisme.com\/es\/wp-json\/wp\/v2\/media\/23404"}],"wp:attachment":[{"href":"https:\/\/www.elvendrellturisme.com\/es\/wp-json\/wp\/v2\/media?parent=24953"}],"wp:term":[{"taxonomy":"category","embeddable":true,"href":"https:\/\/www.elvendrellturisme.com\/es\/wp-json\/wp\/v2\/categories?post=24953"},{"taxonomy":"post_tag","embeddable":true,"href":"https:\/\/www.elvendrellturisme.com\/es\/wp-json\/wp\/v2\/tags?post=24953"},{"taxonomy":"dipi_cpt_category","embeddable":true,"href":"https:\/\/www.elvendrellturisme.com\/es\/wp-json\/wp\/v2\/dipi_cpt_category?post=24953"}],"curies":[{"name":"wp","href":"https:\/\/api.w.org\/{rel}","templated":true}]}}