{"id":24961,"date":"2017-06-29T20:27:03","date_gmt":"2017-06-29T20:27:03","guid":{"rendered":"http:\/\/tv.dms3labs.cat\/el-vendrell-se-prepara-para-vivir-las-tradicionales-fiestas-del-pa-beneit\/"},"modified":"2017-06-29T20:27:03","modified_gmt":"2017-06-29T20:27:03","slug":"el-vendrell-se-prepara-para-vivir-las-tradicionales-fiestas-del-pa-beneit","status":"publish","type":"post","link":"https:\/\/www.elvendrellturisme.com\/es\/el-vendrell-se-prepara-para-vivir-las-tradicionales-fiestas-del-pa-beneit\/","title":{"rendered":"El Vendrell se prepara para vivir las tradicionales Fiestas del Pa Beneit"},"content":{"rendered":"<p>Este s\u00e1bado 1 de julio se da el pistoletazo de salida a las Fiestas del Pa Beneit de El Vendrell, &quot;una de las fiestas m\u00e1s populares y participativas del municipio&quot;, en palabras de la concejala de Fiestas, Eva M. Serrami\u00e0. Ayer, en la Sala de Plenos, se dio a conocer el programa de actos de esta celebraci\u00f3n, que a\u00f1o tras a\u00f1o, organizan las comisiones de los diferentes barrios (Barrio del Serrallo y Font de la Menya; Barrio de Fran\u00e7a, Barrio de la Carretera, Barrio de la Plaza Nova y Barceloneta, Barrio de la Plaza Vella y Barrio de la Muntanyeta).<\/p>\n<p>Este a\u00f1o, gracias al patrocinio de la Imprenta Ram\u00f3n, se ha editado un programa de mano de m\u00e1s calidad, que agrupa todos los actos, as\u00ed como una referencia hist\u00f3rica sobre la fiesta. La Imprenta, que este a\u00f1o celebra su 125 aniversario, ha querido colaborar as\u00ed con estas fiestas tan emblem\u00e1ticas del Vendrell y aportar su granito de arena para difundir todav\u00eda m\u00e1s.<\/p>\n<p>En el caso de El Vendrell, las Fiestas del Pa Beneit est\u00e1n documentadas desde el siglo XVII. Se sabe, sin embargo, que su origen es medieval y se remonta a la bendici\u00f3n que antiguamente se hac\u00eda de la harina vieja antes de segar el trigo nuevo. La celebraci\u00f3n se hac\u00eda en la octava del Corpus, ya que era la temporada que coincid\u00eda con la siega, pero actualmente se ha trasladado a la primera semana de julio.<\/p>\n<p>Los seis barrios organizan sus actos, con la colaboraci\u00f3n del Ayuntamiento, que cede infraestructuras. Adem\u00e1s de los elementos comunes y tradicionales, como el repique de campanas, las fallas, el cercabarri o las cenas de calle, cada uno rellena el programa con propuestas particulares que intentan agradar a grandes y peque\u00f1os.<br \/>\nComo ya es habitual, el barrio del Serrallo y Font de la Menya ser\u00e1 el encargado de iniciar la semana de fiestas este pr\u00f3ximo s\u00e1bado 1 de julio. Este a\u00f1o, como novedad, incorporar\u00e1n una fiesta de la espuma el s\u00e1bado por la ma\u00f1ana. No faltar\u00e1n tampoco el reparto de torta y chocolate, el cercabarri de fuego con los diablillos y la Vibria El Vendrell o un concierto con el D\u00fao Leyenda, entre otros.<\/p>\n<p>Le seguir\u00e1 el barrio de Fran\u00e7a el domingo 2 de julio, con el pasacalles ruidosa de coches o la d\u00e9cima edici\u00f3n de la Corrida en la Francesa, y el lunes 3 con el resto de actos. Destacan los juegos infantiles, una degustaci\u00f3n de vinos de la Cooperativa agr\u00edcola de Calafell, un espect\u00e1culo de danza de La Factor\u00eda, el reparto de torta y vino dulce y el concierto con el grupo Dalton Bang.<\/p>\n<p>Martes 4 de julio tomar\u00e1 el relevo el barrio de la Carretera, que este a\u00f1o, como novedad, plantar\u00e1 la falla a medianoche. Tras el cercabarri, la quemadura de la falla y la cena, el fin de fiesta correr\u00e1 a cargo de un DJ. Este a\u00f1o, todos los actos de este barrio se concentrar\u00e1n de nuevo a la Rambla.<\/p>\n<p>El turno de la plaza Nova llegar\u00e1 el mi\u00e9rcoles 5 de julio, con un programa que incorpora novedades como los Bitlles Catalanes, el vermut electr\u00f3nico o una cata de vinos en el Casal Joan Mallofr\u00e9. Despu\u00e9s de las cenas al aire libre, la plaza Nova acoger\u00e1 la actuaci\u00f3n del Grupo Alma y de Tapeo Sound System.<\/p>\n<p>El jueves d\u00eda 6 ser\u00e1 el turno del barrio de la plaza Vella. Aparte de los actos habituales, el programa incluir\u00e1 una actuaci\u00f3n de danza del Aula 3, del cantautor Marcos Cao y la levadura de mesa despu\u00e9s de las cenas ser\u00e1 amenizado con cuatro mariachis. El grupo Ayawascat y un DJ pondr\u00e1n el punto y final de la fiesta en la calle de las Cuatro Fuentes.<\/p>\n<p>La Muntanyeta cerrar\u00e1 la semana de las fiestas del barrio el s\u00e1bado 8 de julio, con actos que se concentrar\u00e1n en la calle del Cep. Incluir\u00e1n un almuerzo popular, una exhibici\u00f3n de Break Dance, una fiesta de la espuma, un vermut popular, un espect\u00e1culo de animaci\u00f3n y coreograf\u00edas de Urban Mambo, la actuaci\u00f3n del coro rociero Brisa Nueva y disco m\u00f3vil con el DJ Jose, entre otros.<\/p>\n","protected":false},"excerpt":{"rendered":"<p>Este s\u00e1bado 1 de julio se da el pistoletazo de salida a las Fiestas del Pa Beneit de El Vendrell, &quot;una de las fiestas m\u00e1s populares y participativas del municipio&quot;, en palabras de la concejala de Fiestas, Eva M. Serrami\u00e0. Ayer, en la Sala de Plenos, se dio a conocer el programa de actos de [&hellip;]<\/p>\n","protected":false},"author":1,"featured_media":23420,"comment_status":"open","ping_status":"closed","sticky":false,"template":"","format":"standard","meta":{"_acf_changed":false,"_et_pb_use_builder":"","_et_pb_old_content":"","_et_gb_content_width":"","content-type":"","footnotes":""},"categories":[],"tags":[],"dipi_cpt_category":[],"class_list":["post-24961","post","type-post","status-publish","format-standard","has-post-thumbnail","hentry"],"acf":[],"_links":{"self":[{"href":"https:\/\/www.elvendrellturisme.com\/es\/wp-json\/wp\/v2\/posts\/24961","targetHints":{"allow":["GET"]}}],"collection":[{"href":"https:\/\/www.elvendrellturisme.com\/es\/wp-json\/wp\/v2\/posts"}],"about":[{"href":"https:\/\/www.elvendrellturisme.com\/es\/wp-json\/wp\/v2\/types\/post"}],"author":[{"embeddable":true,"href":"https:\/\/www.elvendrellturisme.com\/es\/wp-json\/wp\/v2\/users\/1"}],"replies":[{"embeddable":true,"href":"https:\/\/www.elvendrellturisme.com\/es\/wp-json\/wp\/v2\/comments?post=24961"}],"version-history":[{"count":0,"href":"https:\/\/www.elvendrellturisme.com\/es\/wp-json\/wp\/v2\/posts\/24961\/revisions"}],"wp:featuredmedia":[{"embeddable":true,"href":"https:\/\/www.elvendrellturisme.com\/es\/wp-json\/wp\/v2\/media\/23420"}],"wp:attachment":[{"href":"https:\/\/www.elvendrellturisme.com\/es\/wp-json\/wp\/v2\/media?parent=24961"}],"wp:term":[{"taxonomy":"category","embeddable":true,"href":"https:\/\/www.elvendrellturisme.com\/es\/wp-json\/wp\/v2\/categories?post=24961"},{"taxonomy":"post_tag","embeddable":true,"href":"https:\/\/www.elvendrellturisme.com\/es\/wp-json\/wp\/v2\/tags?post=24961"},{"taxonomy":"dipi_cpt_category","embeddable":true,"href":"https:\/\/www.elvendrellturisme.com\/es\/wp-json\/wp\/v2\/dipi_cpt_category?post=24961"}],"curies":[{"name":"wp","href":"https:\/\/api.w.org\/{rel}","templated":true}]}}