{"id":24962,"date":"2017-06-29T20:37:51","date_gmt":"2017-06-29T20:37:51","guid":{"rendered":"http:\/\/tv.dms3labs.cat\/aviso-actuaciones-de-la-direccion-general-de-costas-en-la-playa-del-francas\/"},"modified":"2017-06-29T20:37:51","modified_gmt":"2017-06-29T20:37:51","slug":"aviso-actuaciones-de-la-direccion-general-de-costas-en-la-playa-del-francas","status":"publish","type":"post","link":"https:\/\/www.elvendrellturisme.com\/es\/aviso-actuaciones-de-la-direccion-general-de-costas-en-la-playa-del-francas\/","title":{"rendered":"AVISO &#8211; Actuaciones de la Direcci\u00f3n General de Costas en la playa del Franc\u00e0s"},"content":{"rendered":"<p>Hoy, de 20 h a 22 h, y ma\u00f1ana, de 6 h a 10 h, se cortar\u00e1 el acceso a la playa del Franc\u00e0s por actuaciones de la Direcci\u00f3n General de Costas, del Ministerio de Fomento, con motivo de la \u00faltima p\u00e9rdida de arena.<\/p>\n","protected":false},"excerpt":{"rendered":"<p>Hoy, de 20 h a 22 h, y ma\u00f1ana, de 6 h a 10 h, se cortar\u00e1 el acceso a la playa del Franc\u00e0s por actuaciones de la Direcci\u00f3n General de Costas, del Ministerio de Fomento, con motivo de la \u00faltima p\u00e9rdida de arena.<\/p>\n","protected":false},"author":1,"featured_media":23422,"comment_status":"open","ping_status":"closed","sticky":false,"template":"","format":"standard","meta":{"_acf_changed":false,"_et_pb_use_builder":"","_et_pb_old_content":"","_et_gb_content_width":"","content-type":"","footnotes":""},"categories":[],"tags":[],"dipi_cpt_category":[],"class_list":["post-24962","post","type-post","status-publish","format-standard","has-post-thumbnail","hentry"],"acf":[],"_links":{"self":[{"href":"https:\/\/www.elvendrellturisme.com\/es\/wp-json\/wp\/v2\/posts\/24962","targetHints":{"allow":["GET"]}}],"collection":[{"href":"https:\/\/www.elvendrellturisme.com\/es\/wp-json\/wp\/v2\/posts"}],"about":[{"href":"https:\/\/www.elvendrellturisme.com\/es\/wp-json\/wp\/v2\/types\/post"}],"author":[{"embeddable":true,"href":"https:\/\/www.elvendrellturisme.com\/es\/wp-json\/wp\/v2\/users\/1"}],"replies":[{"embeddable":true,"href":"https:\/\/www.elvendrellturisme.com\/es\/wp-json\/wp\/v2\/comments?post=24962"}],"version-history":[{"count":0,"href":"https:\/\/www.elvendrellturisme.com\/es\/wp-json\/wp\/v2\/posts\/24962\/revisions"}],"wp:featuredmedia":[{"embeddable":true,"href":"https:\/\/www.elvendrellturisme.com\/es\/wp-json\/wp\/v2\/media\/23422"}],"wp:attachment":[{"href":"https:\/\/www.elvendrellturisme.com\/es\/wp-json\/wp\/v2\/media?parent=24962"}],"wp:term":[{"taxonomy":"category","embeddable":true,"href":"https:\/\/www.elvendrellturisme.com\/es\/wp-json\/wp\/v2\/categories?post=24962"},{"taxonomy":"post_tag","embeddable":true,"href":"https:\/\/www.elvendrellturisme.com\/es\/wp-json\/wp\/v2\/tags?post=24962"},{"taxonomy":"dipi_cpt_category","embeddable":true,"href":"https:\/\/www.elvendrellturisme.com\/es\/wp-json\/wp\/v2\/dipi_cpt_category?post=24962"}],"curies":[{"name":"wp","href":"https:\/\/api.w.org\/{rel}","templated":true}]}}