{"id":24971,"date":"2017-07-13T16:57:00","date_gmt":"2017-07-13T16:57:00","guid":{"rendered":"http:\/\/tv.dms3labs.cat\/el-gobierno-y-el-ayuntamiento-de-el-vendrell-conmemoran-manana-en-el-vendrell-los-150-anos-del-nacimiento-de-jaume-carner\/"},"modified":"2017-07-13T16:57:00","modified_gmt":"2017-07-13T16:57:00","slug":"el-gobierno-y-el-ayuntamiento-de-el-vendrell-conmemoran-manana-en-el-vendrell-los-150-anos-del-nacimiento-de-jaume-carner","status":"publish","type":"post","link":"https:\/\/www.elvendrellturisme.com\/es\/el-gobierno-y-el-ayuntamiento-de-el-vendrell-conmemoran-manana-en-el-vendrell-los-150-anos-del-nacimiento-de-jaume-carner\/","title":{"rendered":"El Gobierno y el Ayuntamiento de El Vendrell conmemoran ma\u00f1ana en El Vendrell los 150 a\u00f1os del nacimiento de Jaume Carner"},"content":{"rendered":"<p>La consejera de Gobernaci\u00f3n, Administraciones P\u00fablicas y Vivienda, Meritxell Borr\u00e0s, presidir\u00e1 ma\u00f1ana viernes, 14 de julio, el acto de inauguraci\u00f3n de la conmemoraci\u00f3n de los 150 a\u00f1os del nacimiento de Jaume Carner, que tendr\u00e1 lugar en el Ayuntamiento de El Vendrell, a las 10 horas.<\/p>\n<p>El acto contar\u00e1 con las intervenciones del alcalde de El Vendrell, Mart\u00ed Carnicer, y del director de la Escuela de Administraci\u00f3n P\u00fablica de Catalu\u00f1a, Agust\u00ed Colomines. Tambi\u00e9n asistir\u00e1 el director territorial de Gobernaci\u00f3n en Tarragona, Baptista Capell, familiares de Carner y alcaldes de la comarca.<\/p>\n<p>Tras los parlamentos, la consejera se trasladar\u00e1 a la casa (calle de les Garrofes, 7) del abogado y pol\u00edtico, Jaume Carner, donde, junto con el alcalde del Ayuntamiento de El Vendrell, descubrir\u00e1 una placa inaugural. Posteriormente, se entregar\u00e1 un recuerdo de la placa a los familiares de Jaume Carner.<\/p>\n<p>Jaume Carner i Romeu naci\u00f3 en Vendrell (Baix Pened\u00e8s) el 22 de febrero de 1867. Doctor en Derecho, ocup\u00f3 la vicepresidencia del Centro Nacional Catal\u00e1n. Fue concejal del Ayuntamiento de Barcelona entre 1901 y 1904. Carner abandon\u00f3 la Liga Regionalista para fundar el Centro Nacionalista Republicano y el diario El Poble Catal\u00e0. Fue elegido diputado por El Vendrell con Solidaritat Catalana.<\/p>\n<p>Republicano de izquierda, form\u00f3 parte de la comisi\u00f3n que redact\u00f3 el proyecto de Autonom\u00eda de Catalu\u00f1a, presentado a las Cortes Constituyentes por el gobierno de la Generalitat de Catalunya. Designado ministro de Finanzas por el gobierno de Aza\u00f1a, propuso el primer presupuesto de la Rep\u00fablica. En 1933 abandon\u00f3 el Ministerio por motivos de salud y muri\u00f3 en Barcelona el 27 de septiembre de 1934.<\/p>\n","protected":false},"excerpt":{"rendered":"<p>La consejera de Gobernaci\u00f3n, Administraciones P\u00fablicas y Vivienda, Meritxell Borr\u00e0s, presidir\u00e1 ma\u00f1ana viernes, 14 de julio, el acto de inauguraci\u00f3n de la conmemoraci\u00f3n de los 150 a\u00f1os del nacimiento de Jaume Carner, que tendr\u00e1 lugar en el Ayuntamiento de El Vendrell, a las 10 horas. El acto contar\u00e1 con las intervenciones del alcalde de El [&hellip;]<\/p>\n","protected":false},"author":1,"featured_media":23440,"comment_status":"open","ping_status":"closed","sticky":false,"template":"","format":"standard","meta":{"_acf_changed":false,"_et_pb_use_builder":"","_et_pb_old_content":"","_et_gb_content_width":"","content-type":"","footnotes":""},"categories":[],"tags":[],"dipi_cpt_category":[],"class_list":["post-24971","post","type-post","status-publish","format-standard","has-post-thumbnail","hentry"],"acf":[],"_links":{"self":[{"href":"https:\/\/www.elvendrellturisme.com\/es\/wp-json\/wp\/v2\/posts\/24971","targetHints":{"allow":["GET"]}}],"collection":[{"href":"https:\/\/www.elvendrellturisme.com\/es\/wp-json\/wp\/v2\/posts"}],"about":[{"href":"https:\/\/www.elvendrellturisme.com\/es\/wp-json\/wp\/v2\/types\/post"}],"author":[{"embeddable":true,"href":"https:\/\/www.elvendrellturisme.com\/es\/wp-json\/wp\/v2\/users\/1"}],"replies":[{"embeddable":true,"href":"https:\/\/www.elvendrellturisme.com\/es\/wp-json\/wp\/v2\/comments?post=24971"}],"version-history":[{"count":0,"href":"https:\/\/www.elvendrellturisme.com\/es\/wp-json\/wp\/v2\/posts\/24971\/revisions"}],"wp:featuredmedia":[{"embeddable":true,"href":"https:\/\/www.elvendrellturisme.com\/es\/wp-json\/wp\/v2\/media\/23440"}],"wp:attachment":[{"href":"https:\/\/www.elvendrellturisme.com\/es\/wp-json\/wp\/v2\/media?parent=24971"}],"wp:term":[{"taxonomy":"category","embeddable":true,"href":"https:\/\/www.elvendrellturisme.com\/es\/wp-json\/wp\/v2\/categories?post=24971"},{"taxonomy":"post_tag","embeddable":true,"href":"https:\/\/www.elvendrellturisme.com\/es\/wp-json\/wp\/v2\/tags?post=24971"},{"taxonomy":"dipi_cpt_category","embeddable":true,"href":"https:\/\/www.elvendrellturisme.com\/es\/wp-json\/wp\/v2\/dipi_cpt_category?post=24971"}],"curies":[{"name":"wp","href":"https:\/\/api.w.org\/{rel}","templated":true}]}}