{"id":24972,"date":"2017-07-17T14:33:18","date_gmt":"2017-07-17T14:33:18","guid":{"rendered":"http:\/\/tv.dms3labs.cat\/la-exposicion-itinerante-la-aventura-norteamericana-de-maria-rosa-de-guimera-llega-al-vendrell\/"},"modified":"2017-07-17T14:33:18","modified_gmt":"2017-07-17T14:33:18","slug":"la-exposicion-itinerante-la-aventura-norteamericana-de-maria-rosa-de-guimera-llega-al-vendrell","status":"publish","type":"post","link":"https:\/\/www.elvendrellturisme.com\/es\/la-exposicion-itinerante-la-aventura-norteamericana-de-maria-rosa-de-guimera-llega-al-vendrell\/","title":{"rendered":"La exposici\u00f3n itinerante &quot;La aventura norteamericana de &#8216;Maria Rosa&#8217; de Guimer\u00e0&quot; llega al Vendrell"},"content":{"rendered":"<p>Este pr\u00f3ximo mi\u00e9rcoles 19 de julio, a las 19h, en el Museo \u00c1ngel Guimer\u00e0, tendr\u00e1 lugar la inauguraci\u00f3n de la exposici\u00f3n &quot;La aventura norteamericana de Mar\u00eda Rosa de Guimer\u00e0&quot;, durante la cual se podr\u00e1 disfrutar de una visita guiada. Esta exposici\u00f3n itinerante ha sido realizada por el MAE (Centro de Documentaci\u00f3n y Museo de las Artes Esc\u00e9nicas del Instituto del Teatro de la Diputaci\u00f3n de Barcelona) y est\u00e1 basada en el estudio realizado por la profesora de la Universidad de Richmond, Sharon G. Feldman. Feldman particip\u00f3 en el I Seminario Guimer\u00e0 en 2016, en el que present\u00f3 la primera parte de la investigaci\u00f3n que ha realizado sobre la proyecci\u00f3n de Guimer\u00e0 en Estados Unidos.<\/p>\n<p>Entre los a\u00f1os 1903 y 1914, las obras Maria Rosa (1894) y Terra baixa (1896) de \u00c0ngel Guimer\u00e0 disfrutaron de una presencia continua en los escenarios teatrales de Norteam\u00e9rica. De Nueva York a Toronto y de Kansas City a San Francisco, estas dos obras fueron tan bien acogidas en el mundo teatral norteamericano que, en 1915, Cecil B. DeMille, aparentemente cautivado por la capacidad excepcional de Guimer\u00e0 de retratar la sensualidad femenina, adapt\u00f3 Maria Rosa en el cine mudo.<\/p>\n<p>En su larga aventura norteamericana, de Barcelona a Broadway y luego en la pantalla grande de Hollywood, Mar\u00eda Rosa, un texto que Guimer\u00e0 escribi\u00f3 para la legendaria actriz espa\u00f1ola Mar\u00eda Guerrero, sobrepas\u00f3 una serie de fronteras ling\u00fc\u00edsticas, espaciales y temporales, transform\u00e1ndose con el tiempo y acumulando nuevas capas de significado cultural, hist\u00f3rico y pol\u00edtico. \u00bfCu\u00e1les son las circunstancias que hicieron posible esta aventura?<\/p>\n<p>Los montajes teatrales estadounidenses de Mar\u00eda Rosa y Terra baixa tienen una historia de fondo fascinante y compleja, protagonizada, de hecho, por toda una serie de actrices carism\u00e1ticas de renombre nacional, una de las cuales era tambi\u00e9n una diva de \u00f3pera de fama internacional. No cuesta imaginar, por tanto, como la representaci\u00f3n tan sincera de Guimer\u00e0 de la psique femenina y del deseo femenino ofreci\u00f3 un conjunto muy rico de atractivas posibilidades para estas damas del teatro, que ocupaban el primer plano de la escena teatral de Norteam\u00e9rica.<\/p>\n<p>Las traducciones en lengua inglesa las llev\u00f3 a cabo el equipo de traductores estadounidenses formado por Wallace Gillpatrick y Guido Marburg. Adem\u00e1s de Mar\u00eda Rosa y Terra baixa (con el t\u00edtulo Marta of the Lowlands), publicaron una traducci\u00f3n inglesa de La pecadora (con el t\u00edtulo Daniela), pero no tenemos constancia de ning\u00fan montaje.<\/p>\n<p>En la exposici\u00f3n se puede ver la pel\u00edcula muda dirigida por Cecil B. DeMille Mar\u00eda Rosa de 1916, de 50 minutos de duraci\u00f3n, con Geraldine Farrar como protagonista.<\/p>\n<p>La exposici\u00f3n se acompa\u00f1a tambi\u00e9n de un mapa interactivo creado por Sharon Feldman y Christopher Brown que capta de manera din\u00e1mica el historial de las representaciones teatrales de Terra baixa (con el t\u00edtulo Marta of the Lowlands) y Maria Rosa entre 1903 y 1914. Su circulaci\u00f3n por Norteam\u00e9rica incluye tres giras y una serie de representaciones individuales. Las obras llegaron a m\u00e1s de 80 teatros diferentes, con m\u00e1s de 260 representaciones en total. Haciendo clic sobre cada punto del mapa, se encuentra el t\u00edtulo de la obra, la compa\u00f1\u00eda teatral, actriz principal, la ciudad y el nombre del teatro, junto con los datos de taquilla (el n\u00famero de entradas vendidas, la recaudaci\u00f3n en taquilla en d\u00f3lares, el tiempo atmosf\u00e9rico y la fecha de la representaci\u00f3n). El mapa ha sido preparado a partir de datos de taquilla recogidos en el Fondo de \u00c0ngel Guimer\u00e0 de la Biblioteca de Catalu\u00f1a y con el apoyo del Spatial Analysis Lab y el Digital Scholarship Lab de la University of Richmond.<\/p>\n<p>La muestra se podr\u00e1 visitar en el Museo \u00c0ngel Guimer\u00e0 de El Vendrell hasta el 30 de septiembre.<\/p>\n","protected":false},"excerpt":{"rendered":"<p>Este pr\u00f3ximo mi\u00e9rcoles 19 de julio, a las 19h, en el Museo \u00c1ngel Guimer\u00e0, tendr\u00e1 lugar la inauguraci\u00f3n de la exposici\u00f3n &quot;La aventura norteamericana de Mar\u00eda Rosa de Guimer\u00e0&quot;, durante la cual se podr\u00e1 disfrutar de una visita guiada. Esta exposici\u00f3n itinerante ha sido realizada por el MAE (Centro de Documentaci\u00f3n y Museo de las [&hellip;]<\/p>\n","protected":false},"author":1,"featured_media":23442,"comment_status":"open","ping_status":"closed","sticky":false,"template":"","format":"standard","meta":{"_acf_changed":false,"_et_pb_use_builder":"","_et_pb_old_content":"","_et_gb_content_width":"","content-type":"","footnotes":""},"categories":[],"tags":[],"dipi_cpt_category":[],"class_list":["post-24972","post","type-post","status-publish","format-standard","has-post-thumbnail","hentry"],"acf":[],"_links":{"self":[{"href":"https:\/\/www.elvendrellturisme.com\/es\/wp-json\/wp\/v2\/posts\/24972","targetHints":{"allow":["GET"]}}],"collection":[{"href":"https:\/\/www.elvendrellturisme.com\/es\/wp-json\/wp\/v2\/posts"}],"about":[{"href":"https:\/\/www.elvendrellturisme.com\/es\/wp-json\/wp\/v2\/types\/post"}],"author":[{"embeddable":true,"href":"https:\/\/www.elvendrellturisme.com\/es\/wp-json\/wp\/v2\/users\/1"}],"replies":[{"embeddable":true,"href":"https:\/\/www.elvendrellturisme.com\/es\/wp-json\/wp\/v2\/comments?post=24972"}],"version-history":[{"count":0,"href":"https:\/\/www.elvendrellturisme.com\/es\/wp-json\/wp\/v2\/posts\/24972\/revisions"}],"wp:featuredmedia":[{"embeddable":true,"href":"https:\/\/www.elvendrellturisme.com\/es\/wp-json\/wp\/v2\/media\/23442"}],"wp:attachment":[{"href":"https:\/\/www.elvendrellturisme.com\/es\/wp-json\/wp\/v2\/media?parent=24972"}],"wp:term":[{"taxonomy":"category","embeddable":true,"href":"https:\/\/www.elvendrellturisme.com\/es\/wp-json\/wp\/v2\/categories?post=24972"},{"taxonomy":"post_tag","embeddable":true,"href":"https:\/\/www.elvendrellturisme.com\/es\/wp-json\/wp\/v2\/tags?post=24972"},{"taxonomy":"dipi_cpt_category","embeddable":true,"href":"https:\/\/www.elvendrellturisme.com\/es\/wp-json\/wp\/v2\/dipi_cpt_category?post=24972"}],"curies":[{"name":"wp","href":"https:\/\/api.w.org\/{rel}","templated":true}]}}