{"id":24974,"date":"2017-07-17T14:54:17","date_gmt":"2017-07-17T14:54:17","guid":{"rendered":"http:\/\/tv.dms3labs.cat\/la-sala-portal-del-pardo-acoje-la-exposicion-el-llenguatge-de-la-llum-del-fotografo-anton-barnadas\/"},"modified":"2017-07-17T14:54:17","modified_gmt":"2017-07-17T14:54:17","slug":"la-sala-portal-del-pardo-acoje-la-exposicion-el-llenguatge-de-la-llum-del-fotografo-anton-barnadas","status":"publish","type":"post","link":"https:\/\/www.elvendrellturisme.com\/es\/la-sala-portal-del-pardo-acoje-la-exposicion-el-llenguatge-de-la-llum-del-fotografo-anton-barnadas\/","title":{"rendered":"La Sala Portal del Pardo acoje la exposici\u00f3n &quot;El llenguatge de la llum&quot; del fot\u00f3grafo Anton Barnadas"},"content":{"rendered":"<p>&quot;El llenguatge de la llum&quot; es el t\u00edtulo de la nueva exposici\u00f3n que acoger\u00e1, a partir del pr\u00f3ximo s\u00e1bado 22 de julio, la Sala Portal del Pardo. La fotograf\u00eda de Anton Barnadas ser\u00e1 la protagonista de esta muestra, que se podr\u00e1 visitar hasta el 19 de agosto. La inauguraci\u00f3n se llevar\u00e1 a cabo a las 11 de la ma\u00f1ana, y a contginuaci\u00f3n, tendr\u00e1 lugar un taller de retrato a cargo del artista (inscripci\u00f3n previa necesaria).<\/p>\n<p>As\u00ed como escribe la historiadora de arte Cl\u00e0udia Llach en el d\u00edptico de la exposici\u00f3n, &quot;para Anton Barnadas, la fotograf\u00eda se ha convertido en un medio imprescindible para relacionarse con el mundo exterior que se confronta y configura a partir de un mundo interior que se nos aparece con la luz propia de su mirada. Los retratos y las composiciones de Anton Barnadas forman un universo de im\u00e1genes secretas y silenciosas que nacen suspendidas en un tiempo indeterminado entre el pasado, el presente y el futuro, y en un espacio indefinido entre la realidad y la ficci\u00f3n&quot;. Llach a\u00f1ade, &quot;para Barnadas, la fotograf\u00eda va mucho m\u00e1s all\u00e1 de ser un medio de creaci\u00f3n: es un canal de comunicaci\u00f3n con el mundo y las personas que lo habitan. Un lenguaje atemporal e universal que emite luz propia y que nos invita a entrar&quot;.<\/p>\n<p>La exposici\u00f3n &quot;El llenguatge de la llum&quot; se podr\u00e1 visitar hasta el 19 de agosto de lunes a viernes de 18 h a 20:30 h y s\u00e1bados de 11 h a 13 h y de 18 h a 20:30 h. Los domingos y festivos la sala permanece cerrada.<\/p>\n","protected":false},"excerpt":{"rendered":"<p>&quot;El llenguatge de la llum&quot; es el t\u00edtulo de la nueva exposici\u00f3n que acoger\u00e1, a partir del pr\u00f3ximo s\u00e1bado 22 de julio, la Sala Portal del Pardo. La fotograf\u00eda de Anton Barnadas ser\u00e1 la protagonista de esta muestra, que se podr\u00e1 visitar hasta el 19 de agosto. La inauguraci\u00f3n se llevar\u00e1 a cabo a las [&hellip;]<\/p>\n","protected":false},"author":1,"featured_media":23446,"comment_status":"open","ping_status":"closed","sticky":false,"template":"","format":"standard","meta":{"_acf_changed":false,"_et_pb_use_builder":"","_et_pb_old_content":"","_et_gb_content_width":"","content-type":"","footnotes":""},"categories":[],"tags":[],"dipi_cpt_category":[],"class_list":["post-24974","post","type-post","status-publish","format-standard","has-post-thumbnail","hentry"],"acf":[],"_links":{"self":[{"href":"https:\/\/www.elvendrellturisme.com\/es\/wp-json\/wp\/v2\/posts\/24974","targetHints":{"allow":["GET"]}}],"collection":[{"href":"https:\/\/www.elvendrellturisme.com\/es\/wp-json\/wp\/v2\/posts"}],"about":[{"href":"https:\/\/www.elvendrellturisme.com\/es\/wp-json\/wp\/v2\/types\/post"}],"author":[{"embeddable":true,"href":"https:\/\/www.elvendrellturisme.com\/es\/wp-json\/wp\/v2\/users\/1"}],"replies":[{"embeddable":true,"href":"https:\/\/www.elvendrellturisme.com\/es\/wp-json\/wp\/v2\/comments?post=24974"}],"version-history":[{"count":0,"href":"https:\/\/www.elvendrellturisme.com\/es\/wp-json\/wp\/v2\/posts\/24974\/revisions"}],"wp:featuredmedia":[{"embeddable":true,"href":"https:\/\/www.elvendrellturisme.com\/es\/wp-json\/wp\/v2\/media\/23446"}],"wp:attachment":[{"href":"https:\/\/www.elvendrellturisme.com\/es\/wp-json\/wp\/v2\/media?parent=24974"}],"wp:term":[{"taxonomy":"category","embeddable":true,"href":"https:\/\/www.elvendrellturisme.com\/es\/wp-json\/wp\/v2\/categories?post=24974"},{"taxonomy":"post_tag","embeddable":true,"href":"https:\/\/www.elvendrellturisme.com\/es\/wp-json\/wp\/v2\/tags?post=24974"},{"taxonomy":"dipi_cpt_category","embeddable":true,"href":"https:\/\/www.elvendrellturisme.com\/es\/wp-json\/wp\/v2\/dipi_cpt_category?post=24974"}],"curies":[{"name":"wp","href":"https:\/\/api.w.org\/{rel}","templated":true}]}}