{"id":24990,"date":"2017-08-21T19:19:55","date_gmt":"2017-08-21T19:19:55","guid":{"rendered":"http:\/\/tv.dms3labs.cat\/una-fotografia-de-susacor-es-la-ganadora-del-4o-concurso-instagram-organizado-por-la-oficina-de-turismo-de-el-vendrell\/"},"modified":"2017-08-21T19:19:55","modified_gmt":"2017-08-21T19:19:55","slug":"una-fotografia-de-susacor-es-la-ganadora-del-4o-concurso-instagram-organizado-por-la-oficina-de-turismo-de-el-vendrell","status":"publish","type":"post","link":"https:\/\/www.elvendrellturisme.com\/es\/una-fotografia-de-susacor-es-la-ganadora-del-4o-concurso-instagram-organizado-por-la-oficina-de-turismo-de-el-vendrell\/","title":{"rendered":"Una fotograf\u00eda de @susacor es la ganadora del 4\u00ba Concurso Instagram organizado por la Oficina de Turismo de El Vendrell"},"content":{"rendered":"<p>El pasado 15 de agosto finaliz\u00f3 el plazo de participaci\u00f3n en el cuarto Concurso Instagram que organiza la Oficina de Turismo del Vendrell en verano. En esta ocasi\u00f3n, la tem\u00e1tica del concurso era &quot;El Vendrell, en blanco y negro&quot; con la etiqueta #elvendrellenblancinegre.<\/p>\n<p>Y una fotograf\u00eda de la playa de San Salvador de @susacor ha sido la ganadora. La autora recibir\u00e1 como premio dos entradas gratuitas al Parque Acu\u00e1tico AQUALEON.<\/p>\n<p>El objetivo del concurso es que lugare\u00f1os y visitantes puedan participar en una acci\u00f3n colectiva para fomentar la participaci\u00f3n y promocionar el municipio en todo el pa\u00eds y del mundo.<\/p>\n<p>En este sentido, ha habido un buen repertorio de fotograf\u00edas y desde la Oficina de Turismo del Vendrell agradece la participaci\u00f3n de las personas que las han hecho y que las han querido compartir y difundir a trav\u00e9s de este concurso.<\/p>\n","protected":false},"excerpt":{"rendered":"<p>El pasado 15 de agosto finaliz\u00f3 el plazo de participaci\u00f3n en el cuarto Concurso Instagram que organiza la Oficina de Turismo del Vendrell en verano. En esta ocasi\u00f3n, la tem\u00e1tica del concurso era &quot;El Vendrell, en blanco y negro&quot; con la etiqueta #elvendrellenblancinegre. Y una fotograf\u00eda de la playa de San Salvador de @susacor ha [&hellip;]<\/p>\n","protected":false},"author":1,"featured_media":23478,"comment_status":"open","ping_status":"closed","sticky":false,"template":"","format":"standard","meta":{"_acf_changed":false,"_et_pb_use_builder":"","_et_pb_old_content":"","_et_gb_content_width":"","content-type":"","footnotes":""},"categories":[],"tags":[],"dipi_cpt_category":[],"class_list":["post-24990","post","type-post","status-publish","format-standard","has-post-thumbnail","hentry"],"acf":[],"_links":{"self":[{"href":"https:\/\/www.elvendrellturisme.com\/es\/wp-json\/wp\/v2\/posts\/24990","targetHints":{"allow":["GET"]}}],"collection":[{"href":"https:\/\/www.elvendrellturisme.com\/es\/wp-json\/wp\/v2\/posts"}],"about":[{"href":"https:\/\/www.elvendrellturisme.com\/es\/wp-json\/wp\/v2\/types\/post"}],"author":[{"embeddable":true,"href":"https:\/\/www.elvendrellturisme.com\/es\/wp-json\/wp\/v2\/users\/1"}],"replies":[{"embeddable":true,"href":"https:\/\/www.elvendrellturisme.com\/es\/wp-json\/wp\/v2\/comments?post=24990"}],"version-history":[{"count":0,"href":"https:\/\/www.elvendrellturisme.com\/es\/wp-json\/wp\/v2\/posts\/24990\/revisions"}],"wp:featuredmedia":[{"embeddable":true,"href":"https:\/\/www.elvendrellturisme.com\/es\/wp-json\/wp\/v2\/media\/23478"}],"wp:attachment":[{"href":"https:\/\/www.elvendrellturisme.com\/es\/wp-json\/wp\/v2\/media?parent=24990"}],"wp:term":[{"taxonomy":"category","embeddable":true,"href":"https:\/\/www.elvendrellturisme.com\/es\/wp-json\/wp\/v2\/categories?post=24990"},{"taxonomy":"post_tag","embeddable":true,"href":"https:\/\/www.elvendrellturisme.com\/es\/wp-json\/wp\/v2\/tags?post=24990"},{"taxonomy":"dipi_cpt_category","embeddable":true,"href":"https:\/\/www.elvendrellturisme.com\/es\/wp-json\/wp\/v2\/dipi_cpt_category?post=24990"}],"curies":[{"name":"wp","href":"https:\/\/api.w.org\/{rel}","templated":true}]}}