{"id":24991,"date":"2017-08-21T19:24:24","date_gmt":"2017-08-21T19:24:24","guid":{"rendered":"http:\/\/tv.dms3labs.cat\/los-marsupialis-seran-los-protagonistas-del-proximo-concierto-de-musica-en-la-villa-de-el-vendrell\/"},"modified":"2017-08-21T19:24:24","modified_gmt":"2017-08-21T19:24:24","slug":"los-marsupialis-seran-los-protagonistas-del-proximo-concierto-de-musica-en-la-villa-de-el-vendrell","status":"publish","type":"post","link":"https:\/\/www.elvendrellturisme.com\/es\/los-marsupialis-seran-los-protagonistas-del-proximo-concierto-de-musica-en-la-villa-de-el-vendrell\/","title":{"rendered":"Los Marsupialis ser\u00e1n los protagonistas del pr\u00f3ximo concierto de M\u00fasica en la Villa de El Vendrell"},"content":{"rendered":"<p>La 29\u00aa edici\u00f3n del Festival de m\u00fasica tradicional &quot;M\u00fasica en la Villa&quot; continuar\u00e1 el pr\u00f3ximo mi\u00e9rcoles 23 de agosto, a las 22 h, en la plaza del T\u00edvoli de El Vendrell, con el experimentado grupo de m\u00fasica tradicional Marsupialis.<\/p>\n<p>Marsupialis es un grupo de cinco m\u00fasicos que se han encontrado con la voluntad de ofrecer y compartir, de una manera f\u00e1cil y sencilla, una selecci\u00f3n de aquellas melod\u00edas que los han seducido durante todos estos a\u00f1os de dar vueltas por varios lugares.<\/p>\n<p>Actualmente presentan adaptaciones de temas de Felipe Grau i Sol\u00e9, un &quot;indiano&quot; de finales del siglo XIX, con pasodobles, chotis, americanas, rumbita, danzas cubanas &#8230;, junto con una selecci\u00f3n de temas del Carnaval del Liceu de Barcelona de medios del s. xix, con rigod\u00f3n, valses, polcas &#8230;<\/p>\n<p>El grupo est\u00e1 integrado por Cati Plana (acorde\u00f3n diat\u00f3nico), Eduard Casals (clarinete y whistle), Marc Figuerola (guitarra), Xavier Garcia (bajo el\u00e9ctrico) y Boris Pi (percusiones).<\/p>\n<p>En caso de lluvia, este concierto se har\u00e1 en el Auditorio del T\u00edvoli, situado en la misma plaza del T\u00edvoli.<\/p>\n<p>www.temporada.cat<\/p>\n","protected":false},"excerpt":{"rendered":"<p>La 29\u00aa edici\u00f3n del Festival de m\u00fasica tradicional &quot;M\u00fasica en la Villa&quot; continuar\u00e1 el pr\u00f3ximo mi\u00e9rcoles 23 de agosto, a las 22 h, en la plaza del T\u00edvoli de El Vendrell, con el experimentado grupo de m\u00fasica tradicional Marsupialis. Marsupialis es un grupo de cinco m\u00fasicos que se han encontrado con la voluntad de ofrecer [&hellip;]<\/p>\n","protected":false},"author":1,"featured_media":23480,"comment_status":"open","ping_status":"closed","sticky":false,"template":"","format":"standard","meta":{"_acf_changed":false,"_et_pb_use_builder":"","_et_pb_old_content":"","_et_gb_content_width":"","content-type":"","footnotes":""},"categories":[],"tags":[],"dipi_cpt_category":[],"class_list":["post-24991","post","type-post","status-publish","format-standard","has-post-thumbnail","hentry"],"acf":[],"_links":{"self":[{"href":"https:\/\/www.elvendrellturisme.com\/es\/wp-json\/wp\/v2\/posts\/24991","targetHints":{"allow":["GET"]}}],"collection":[{"href":"https:\/\/www.elvendrellturisme.com\/es\/wp-json\/wp\/v2\/posts"}],"about":[{"href":"https:\/\/www.elvendrellturisme.com\/es\/wp-json\/wp\/v2\/types\/post"}],"author":[{"embeddable":true,"href":"https:\/\/www.elvendrellturisme.com\/es\/wp-json\/wp\/v2\/users\/1"}],"replies":[{"embeddable":true,"href":"https:\/\/www.elvendrellturisme.com\/es\/wp-json\/wp\/v2\/comments?post=24991"}],"version-history":[{"count":0,"href":"https:\/\/www.elvendrellturisme.com\/es\/wp-json\/wp\/v2\/posts\/24991\/revisions"}],"wp:featuredmedia":[{"embeddable":true,"href":"https:\/\/www.elvendrellturisme.com\/es\/wp-json\/wp\/v2\/media\/23480"}],"wp:attachment":[{"href":"https:\/\/www.elvendrellturisme.com\/es\/wp-json\/wp\/v2\/media?parent=24991"}],"wp:term":[{"taxonomy":"category","embeddable":true,"href":"https:\/\/www.elvendrellturisme.com\/es\/wp-json\/wp\/v2\/categories?post=24991"},{"taxonomy":"post_tag","embeddable":true,"href":"https:\/\/www.elvendrellturisme.com\/es\/wp-json\/wp\/v2\/tags?post=24991"},{"taxonomy":"dipi_cpt_category","embeddable":true,"href":"https:\/\/www.elvendrellturisme.com\/es\/wp-json\/wp\/v2\/dipi_cpt_category?post=24991"}],"curies":[{"name":"wp","href":"https:\/\/api.w.org\/{rel}","templated":true}]}}