{"id":24994,"date":"2017-08-24T16:32:30","date_gmt":"2017-08-24T16:32:30","guid":{"rendered":"http:\/\/tv.dms3labs.cat\/jordi-molina-sera-el-encargado-de-cerrar-la-29a-edicion-del-festival-de-musica-tradicional-musica-en-la-villa-de-el-vendrell\/"},"modified":"2017-08-24T16:32:30","modified_gmt":"2017-08-24T16:32:30","slug":"jordi-molina-sera-el-encargado-de-cerrar-la-29a-edicion-del-festival-de-musica-tradicional-musica-en-la-villa-de-el-vendrell","status":"publish","type":"post","link":"https:\/\/www.elvendrellturisme.com\/es\/jordi-molina-sera-el-encargado-de-cerrar-la-29a-edicion-del-festival-de-musica-tradicional-musica-en-la-villa-de-el-vendrell\/","title":{"rendered":"Jordi Molina ser\u00e1 el encargado de cerrar la 29\u00aa edici\u00f3n del Festival de m\u00fasica tradicional M\u00fasica en la Villa de El Vendrell"},"content":{"rendered":"<p>La 29\u00aa edici\u00f3n del Festival de m\u00fasica tradicional &quot;M\u00fasica en la Villa&quot; llega a su \u00faltimo concierto, el pr\u00f3ximo mi\u00e9rcoles 30 de agosto, a las 22 h, en la plaza del T\u00edvoli El Vendrell, con un invitado de lujo: Jordi Molina con formaci\u00f3n de septeto presentar\u00e1 su nuevo trabajo Materia del tiempo.<\/p>\n<p>El compositor e int\u00e9rprete catal\u00e1n Jordi Molina presenta su proyecto m\u00e1s personal despu\u00e9s de m\u00e1s de tres d\u00e9cadas de exitosa trayectoria profesional. Materia del tiempo es un paso clave en la reivindicaci\u00f3n de la potencialidad de la tenora y una oportunidad de conocer un sonido que es el de un territorio singular, en constante evoluci\u00f3n y ebullici\u00f3n.<\/p>\n<p>Una producci\u00f3n en la que el sonido instrumental de una tenora lidera un conjunto de m\u00fasicos de alto nivel, con m\u00fasica de autor\u00eda propia que es de ra\u00edz pero que mezcla lenguajes e influencias: de lo m\u00e1s tradicional a lo m\u00e1s innovador. De la improvisaci\u00f3n y el jazz al canto de estilo, pasando por la habanera.<\/p>\n<p>Jordi Molina (tenora, composici\u00f3n, arreglos y direcci\u00f3n musical), estar\u00e1 acompa\u00f1ado por Joan D\u00edaz (teclados y mel\u00f3dica), Joan Aguiar (viol\u00edn, guitarr\u00f3n y mandola), Franco Molinari (contrabajo), Marc Vila (percusiones), Ramon Prats (bater\u00eda ) y Julia Molina (voz).<\/p>\n<p>En caso de lluvia, este concierto se har\u00e1 en el Auditorio del T\u00edvoli, situado en la misma plaza del T\u00edvoli.<\/p>\n","protected":false},"excerpt":{"rendered":"<p>La 29\u00aa edici\u00f3n del Festival de m\u00fasica tradicional &quot;M\u00fasica en la Villa&quot; llega a su \u00faltimo concierto, el pr\u00f3ximo mi\u00e9rcoles 30 de agosto, a las 22 h, en la plaza del T\u00edvoli El Vendrell, con un invitado de lujo: Jordi Molina con formaci\u00f3n de septeto presentar\u00e1 su nuevo trabajo Materia del tiempo. El compositor e [&hellip;]<\/p>\n","protected":false},"author":1,"featured_media":23486,"comment_status":"open","ping_status":"closed","sticky":false,"template":"","format":"standard","meta":{"_acf_changed":false,"_et_pb_use_builder":"","_et_pb_old_content":"","_et_gb_content_width":"","content-type":"","footnotes":""},"categories":[],"tags":[],"dipi_cpt_category":[],"class_list":["post-24994","post","type-post","status-publish","format-standard","has-post-thumbnail","hentry"],"acf":[],"_links":{"self":[{"href":"https:\/\/www.elvendrellturisme.com\/es\/wp-json\/wp\/v2\/posts\/24994","targetHints":{"allow":["GET"]}}],"collection":[{"href":"https:\/\/www.elvendrellturisme.com\/es\/wp-json\/wp\/v2\/posts"}],"about":[{"href":"https:\/\/www.elvendrellturisme.com\/es\/wp-json\/wp\/v2\/types\/post"}],"author":[{"embeddable":true,"href":"https:\/\/www.elvendrellturisme.com\/es\/wp-json\/wp\/v2\/users\/1"}],"replies":[{"embeddable":true,"href":"https:\/\/www.elvendrellturisme.com\/es\/wp-json\/wp\/v2\/comments?post=24994"}],"version-history":[{"count":0,"href":"https:\/\/www.elvendrellturisme.com\/es\/wp-json\/wp\/v2\/posts\/24994\/revisions"}],"wp:featuredmedia":[{"embeddable":true,"href":"https:\/\/www.elvendrellturisme.com\/es\/wp-json\/wp\/v2\/media\/23486"}],"wp:attachment":[{"href":"https:\/\/www.elvendrellturisme.com\/es\/wp-json\/wp\/v2\/media?parent=24994"}],"wp:term":[{"taxonomy":"category","embeddable":true,"href":"https:\/\/www.elvendrellturisme.com\/es\/wp-json\/wp\/v2\/categories?post=24994"},{"taxonomy":"post_tag","embeddable":true,"href":"https:\/\/www.elvendrellturisme.com\/es\/wp-json\/wp\/v2\/tags?post=24994"},{"taxonomy":"dipi_cpt_category","embeddable":true,"href":"https:\/\/www.elvendrellturisme.com\/es\/wp-json\/wp\/v2\/dipi_cpt_category?post=24994"}],"curies":[{"name":"wp","href":"https:\/\/api.w.org\/{rel}","templated":true}]}}