{"id":24996,"date":"2017-09-08T08:30:02","date_gmt":"2017-09-08T08:30:02","guid":{"rendered":"http:\/\/tv.dms3labs.cat\/diada-nacional-de-cataluna-en-el-vendrell\/"},"modified":"2017-09-08T08:30:02","modified_gmt":"2017-09-08T08:30:02","slug":"diada-nacional-de-cataluna-en-el-vendrell","status":"publish","type":"post","link":"https:\/\/www.elvendrellturisme.com\/es\/diada-nacional-de-cataluna-en-el-vendrell\/","title":{"rendered":"Diada Nacional de Catalu\u00f1a en El Vendrell"},"content":{"rendered":"<p>Para celebrar la Diada Nacional de Catalu\u00f1a en el Vendrell, a las 10:30 h, en el Cementerio Municipal, tendr\u00e1n lugar la tradicional ofrenda floral en la tumba de Pau Casals y la Glosa institucional, que este a\u00f1o correr\u00e1 a cargo de la Fundaci\u00f3n Apel\u00b7les Fenosa.<\/p>\n<p>Y A las 19 h, en la Rambla, se har\u00e1 un Baile de Sardanas, a cargo de la &quot;Cobla Ress\u00f2&quot; de los &quot;Dansaires del Pened\u00e8s&quot;, organizada por los Dansaires del Pened\u00e8s y el Fomento Sardanista del Vendrell.<\/p>\n","protected":false},"excerpt":{"rendered":"<p>Para celebrar la Diada Nacional de Catalu\u00f1a en el Vendrell, a las 10:30 h, en el Cementerio Municipal, tendr\u00e1n lugar la tradicional ofrenda floral en la tumba de Pau Casals y la Glosa institucional, que este a\u00f1o correr\u00e1 a cargo de la Fundaci\u00f3n Apel\u00b7les Fenosa. Y A las 19 h, en la Rambla, se har\u00e1 [&hellip;]<\/p>\n","protected":false},"author":1,"featured_media":23490,"comment_status":"open","ping_status":"closed","sticky":false,"template":"","format":"standard","meta":{"_acf_changed":false,"_et_pb_use_builder":"","_et_pb_old_content":"","_et_gb_content_width":"","content-type":"","footnotes":""},"categories":[],"tags":[],"dipi_cpt_category":[],"class_list":["post-24996","post","type-post","status-publish","format-standard","has-post-thumbnail","hentry"],"acf":[],"_links":{"self":[{"href":"https:\/\/www.elvendrellturisme.com\/es\/wp-json\/wp\/v2\/posts\/24996","targetHints":{"allow":["GET"]}}],"collection":[{"href":"https:\/\/www.elvendrellturisme.com\/es\/wp-json\/wp\/v2\/posts"}],"about":[{"href":"https:\/\/www.elvendrellturisme.com\/es\/wp-json\/wp\/v2\/types\/post"}],"author":[{"embeddable":true,"href":"https:\/\/www.elvendrellturisme.com\/es\/wp-json\/wp\/v2\/users\/1"}],"replies":[{"embeddable":true,"href":"https:\/\/www.elvendrellturisme.com\/es\/wp-json\/wp\/v2\/comments?post=24996"}],"version-history":[{"count":0,"href":"https:\/\/www.elvendrellturisme.com\/es\/wp-json\/wp\/v2\/posts\/24996\/revisions"}],"wp:featuredmedia":[{"embeddable":true,"href":"https:\/\/www.elvendrellturisme.com\/es\/wp-json\/wp\/v2\/media\/23490"}],"wp:attachment":[{"href":"https:\/\/www.elvendrellturisme.com\/es\/wp-json\/wp\/v2\/media?parent=24996"}],"wp:term":[{"taxonomy":"category","embeddable":true,"href":"https:\/\/www.elvendrellturisme.com\/es\/wp-json\/wp\/v2\/categories?post=24996"},{"taxonomy":"post_tag","embeddable":true,"href":"https:\/\/www.elvendrellturisme.com\/es\/wp-json\/wp\/v2\/tags?post=24996"},{"taxonomy":"dipi_cpt_category","embeddable":true,"href":"https:\/\/www.elvendrellturisme.com\/es\/wp-json\/wp\/v2\/dipi_cpt_category?post=24996"}],"curies":[{"name":"wp","href":"https:\/\/api.w.org\/{rel}","templated":true}]}}