{"id":24999,"date":"2017-09-15T13:53:09","date_gmt":"2017-09-15T13:53:09","guid":{"rendered":"http:\/\/tv.dms3labs.cat\/un-mes-para-vivir-intensamente-a-pau-casals-en-el-vendrell\/"},"modified":"2017-09-15T13:53:09","modified_gmt":"2017-09-15T13:53:09","slug":"un-mes-para-vivir-intensamente-a-pau-casals-en-el-vendrell","status":"publish","type":"post","link":"https:\/\/www.elvendrellturisme.com\/es\/un-mes-para-vivir-intensamente-a-pau-casals-en-el-vendrell\/","title":{"rendered":"Un mes para vivir intensamente a Pau Casals en El Vendrell"},"content":{"rendered":"<p>Ayer al mediod\u00eda, en el Ayuntamiento de El Vendrell, tuvo lugar la presentaci\u00f3n del Mes Pau Casals, a cargo de la concejala de Cultura y Fiestas, Eva M. Serrami\u00e0; el presidente de la Asociaci\u00f3n Muiscal Pau Casals de El Vendrell, Jordi Guitart, acompa\u00f1ado por los miembros de junta Jaume Figueras y Joan Mir\u00f3, y la directora de la Escuela Municipal de M\u00fasica Pau Casals, Montse Vidal.<\/p>\n<p>Una de las novedades es la reivindicaci\u00f3n del D\u00eda Internacional de la Paz con un acto en el que poes\u00eda y m\u00fasica de hermanar y que dar\u00e1 el pistoletazo de inicio de las actividades.<\/p>\n<p>El concierto conmemorativo del 44 aniversario de la muerte de Pau Casals tendr\u00e1 lugar el domingo 22 de octubre, a las 19 h, en el Auditorio del T\u00edvoli, a cargo de la Camerata Eduard Toldr\u00e0.<\/p>\n<p>El Mes Pau Casals est\u00e1 organizado por la Asociaci\u00f3n Musical Pau Casals y cuenta con el apoyo del Ayuntamiento de Vic, entre otras administraciones entidades y empresas que colaboran.<\/p>\n","protected":false},"excerpt":{"rendered":"<p>Ayer al mediod\u00eda, en el Ayuntamiento de El Vendrell, tuvo lugar la presentaci\u00f3n del Mes Pau Casals, a cargo de la concejala de Cultura y Fiestas, Eva M. Serrami\u00e0; el presidente de la Asociaci\u00f3n Muiscal Pau Casals de El Vendrell, Jordi Guitart, acompa\u00f1ado por los miembros de junta Jaume Figueras y Joan Mir\u00f3, y la [&hellip;]<\/p>\n","protected":false},"author":1,"featured_media":23496,"comment_status":"open","ping_status":"closed","sticky":false,"template":"","format":"standard","meta":{"_acf_changed":false,"_et_pb_use_builder":"","_et_pb_old_content":"","_et_gb_content_width":"","content-type":"","footnotes":""},"categories":[],"tags":[],"dipi_cpt_category":[],"class_list":["post-24999","post","type-post","status-publish","format-standard","has-post-thumbnail","hentry"],"acf":[],"_links":{"self":[{"href":"https:\/\/www.elvendrellturisme.com\/es\/wp-json\/wp\/v2\/posts\/24999","targetHints":{"allow":["GET"]}}],"collection":[{"href":"https:\/\/www.elvendrellturisme.com\/es\/wp-json\/wp\/v2\/posts"}],"about":[{"href":"https:\/\/www.elvendrellturisme.com\/es\/wp-json\/wp\/v2\/types\/post"}],"author":[{"embeddable":true,"href":"https:\/\/www.elvendrellturisme.com\/es\/wp-json\/wp\/v2\/users\/1"}],"replies":[{"embeddable":true,"href":"https:\/\/www.elvendrellturisme.com\/es\/wp-json\/wp\/v2\/comments?post=24999"}],"version-history":[{"count":0,"href":"https:\/\/www.elvendrellturisme.com\/es\/wp-json\/wp\/v2\/posts\/24999\/revisions"}],"wp:featuredmedia":[{"embeddable":true,"href":"https:\/\/www.elvendrellturisme.com\/es\/wp-json\/wp\/v2\/media\/23496"}],"wp:attachment":[{"href":"https:\/\/www.elvendrellturisme.com\/es\/wp-json\/wp\/v2\/media?parent=24999"}],"wp:term":[{"taxonomy":"category","embeddable":true,"href":"https:\/\/www.elvendrellturisme.com\/es\/wp-json\/wp\/v2\/categories?post=24999"},{"taxonomy":"post_tag","embeddable":true,"href":"https:\/\/www.elvendrellturisme.com\/es\/wp-json\/wp\/v2\/tags?post=24999"},{"taxonomy":"dipi_cpt_category","embeddable":true,"href":"https:\/\/www.elvendrellturisme.com\/es\/wp-json\/wp\/v2\/dipi_cpt_category?post=24999"}],"curies":[{"name":"wp","href":"https:\/\/api.w.org\/{rel}","templated":true}]}}