{"id":25001,"date":"2017-09-21T12:02:17","date_gmt":"2017-09-21T12:02:17","guid":{"rendered":"http:\/\/tv.dms3labs.cat\/ya-estan-abiertas-las-inscripciones-de-la-media-maraton-de-el-vendrell-2017\/"},"modified":"2017-09-21T12:02:17","modified_gmt":"2017-09-21T12:02:17","slug":"ya-estan-abiertas-las-inscripciones-de-la-media-maraton-de-el-vendrell-2017","status":"publish","type":"post","link":"https:\/\/www.elvendrellturisme.com\/es\/ya-estan-abiertas-las-inscripciones-de-la-media-maraton-de-el-vendrell-2017\/","title":{"rendered":"Ya est\u00e1n abiertas las inscripciones de la Media Marat\u00f3n de El Vendrell 2017"},"content":{"rendered":"<p>Ya se han abierto las inscripciones de la Media Marat\u00f3n de El Vendrell 2017, que tendr\u00e1 lugar el pr\u00f3ximo domingo 22 de octubre con salida a las 9:30 h desde la Rambla, donde tambi\u00e9n tendr\u00e1 lugar la llegada.<\/p>\n<p>La Media del Vendrell consta de 5 pruebas: media marat\u00f3n, 10 km, 5 km, carrera specials y carreras infantiles y de promoci\u00f3n.<\/p>\n<p>En la web www.mitjadelvendrell.org se puede encontrar toda la informaci\u00f3n sobre el precio de las inscripciones, el reglamento y todo lo relacionado con este evento deportivo.<\/p>\n<p>Para m\u00e1s informaci\u00f3n: Concejal\u00eda de Deportes, tel. 977 66 59 96<\/p>\n","protected":false},"excerpt":{"rendered":"<p>Ya se han abierto las inscripciones de la Media Marat\u00f3n de El Vendrell 2017, que tendr\u00e1 lugar el pr\u00f3ximo domingo 22 de octubre con salida a las 9:30 h desde la Rambla, donde tambi\u00e9n tendr\u00e1 lugar la llegada. La Media del Vendrell consta de 5 pruebas: media marat\u00f3n, 10 km, 5 km, carrera specials y [&hellip;]<\/p>\n","protected":false},"author":1,"featured_media":23500,"comment_status":"open","ping_status":"closed","sticky":false,"template":"","format":"standard","meta":{"_acf_changed":false,"_et_pb_use_builder":"","_et_pb_old_content":"","_et_gb_content_width":"","content-type":"","footnotes":""},"categories":[],"tags":[],"dipi_cpt_category":[],"class_list":["post-25001","post","type-post","status-publish","format-standard","has-post-thumbnail","hentry"],"acf":[],"_links":{"self":[{"href":"https:\/\/www.elvendrellturisme.com\/es\/wp-json\/wp\/v2\/posts\/25001","targetHints":{"allow":["GET"]}}],"collection":[{"href":"https:\/\/www.elvendrellturisme.com\/es\/wp-json\/wp\/v2\/posts"}],"about":[{"href":"https:\/\/www.elvendrellturisme.com\/es\/wp-json\/wp\/v2\/types\/post"}],"author":[{"embeddable":true,"href":"https:\/\/www.elvendrellturisme.com\/es\/wp-json\/wp\/v2\/users\/1"}],"replies":[{"embeddable":true,"href":"https:\/\/www.elvendrellturisme.com\/es\/wp-json\/wp\/v2\/comments?post=25001"}],"version-history":[{"count":0,"href":"https:\/\/www.elvendrellturisme.com\/es\/wp-json\/wp\/v2\/posts\/25001\/revisions"}],"wp:featuredmedia":[{"embeddable":true,"href":"https:\/\/www.elvendrellturisme.com\/es\/wp-json\/wp\/v2\/media\/23500"}],"wp:attachment":[{"href":"https:\/\/www.elvendrellturisme.com\/es\/wp-json\/wp\/v2\/media?parent=25001"}],"wp:term":[{"taxonomy":"category","embeddable":true,"href":"https:\/\/www.elvendrellturisme.com\/es\/wp-json\/wp\/v2\/categories?post=25001"},{"taxonomy":"post_tag","embeddable":true,"href":"https:\/\/www.elvendrellturisme.com\/es\/wp-json\/wp\/v2\/tags?post=25001"},{"taxonomy":"dipi_cpt_category","embeddable":true,"href":"https:\/\/www.elvendrellturisme.com\/es\/wp-json\/wp\/v2\/dipi_cpt_category?post=25001"}],"curies":[{"name":"wp","href":"https:\/\/api.w.org\/{rel}","templated":true}]}}