{"id":25004,"date":"2017-09-27T13:30:20","date_gmt":"2017-09-27T13:30:20","guid":{"rendered":"http:\/\/tv.dms3labs.cat\/inauguracion-de-la-exposicion-dedicada-al-musico-vendrellense-benvingut-socias\/"},"modified":"2017-09-27T13:30:20","modified_gmt":"2017-09-27T13:30:20","slug":"inauguracion-de-la-exposicion-dedicada-al-musico-vendrellense-benvingut-socias","status":"publish","type":"post","link":"https:\/\/www.elvendrellturisme.com\/es\/inauguracion-de-la-exposicion-dedicada-al-musico-vendrellense-benvingut-socias\/","title":{"rendered":"Inauguraci\u00f3n de la exposici\u00f3n dedicada al m\u00fasico vendrellense Benvingut Socias"},"content":{"rendered":"<p>El 25 de septiembre tuvo lugar, en la Sala La Fusteria del Vendrell, la inauguraci\u00f3n de la exposici\u00f3n &quot;La vida y la obra de Benvingut Socias Mercad\u00e9 (1877-1952)&quot;, organizada por el Archivo Comarcal del Baix Pened\u00e8s, los &quot;Amics de l&#8217;Orgue del Vendrell&quot;, el Grupo Pessebrista del Vendrell con la colaboraci\u00f3n del Ayuntamiento de Vendrell, el Consejo Comarcal del Baix Pened\u00e8s y la Diputaci\u00f3n de Tarragona. El acto cont\u00f3 con la presencia de Mart\u00ed Carnicer, alcalde del Vendrell, Eva Serrami\u00e0, presidenta del Consejo Comarcal del Baix Pened\u00e8s y concejala de Cultura, Xavier Mercad\u00e9, presidente de &quot;Amics de l&#8217;Orgue del Vendrell&quot; y Natividad Castej\u00f3n, comisaria y autora del texto de la exposici\u00f3n.<\/p>\n<p>Benvingut Socias Mercad\u00e9 (el Vendrell, 1877-1952) fue un destacado concertista y profesor de piano, organista y compositor. Ejerci\u00f3 su actividad docente en la Escuela Municipal de M\u00fasica de Barcelona y lleg\u00f3 a ser catedr\u00e1tico de piano del Conservatorio del Liceo. Actu\u00f3 en numerosos conciertos en Barcelona y El Vendrell. Consolid\u00f3 su carrera de concertista con giras art\u00edsticas por Europa y Am\u00e9rica del Norte. Su obra abarca desde composiciones religiosas hasta sardanas, m\u00fasica de c\u00e1mara y composiciones musicales para acompa\u00f1ar textos po\u00e9ticos de autores catalanes.<\/p>\n<p>Esta es la primera exposici\u00f3n que se le dedica en la que se hace una aproximaci\u00f3n a su figura desde diferentes vertientes: la formaci\u00f3n musical, la actividad docente, las actuaciones en El Vendrell y Barcelona, \u200b\u200blas giras art\u00edsticas por Europa y Am\u00e9rica del Norte, sus amistades, su vida en la finca la Plana de el Vendrell y sus relaciones con concertistas de todo.<\/p>\n<p>Hay previstas visitas guiadas a la exposici\u00f3n: el 27 de septiembre, el 4 de octubre, a las 17.30 y el 8 de octubre a las 11 h.<\/p>\n","protected":false},"excerpt":{"rendered":"<p>El 25 de septiembre tuvo lugar, en la Sala La Fusteria del Vendrell, la inauguraci\u00f3n de la exposici\u00f3n &quot;La vida y la obra de Benvingut Socias Mercad\u00e9 (1877-1952)&quot;, organizada por el Archivo Comarcal del Baix Pened\u00e8s, los &quot;Amics de l&#8217;Orgue del Vendrell&quot;, el Grupo Pessebrista del Vendrell con la colaboraci\u00f3n del Ayuntamiento de Vendrell, el [&hellip;]<\/p>\n","protected":false},"author":1,"featured_media":23506,"comment_status":"open","ping_status":"closed","sticky":false,"template":"","format":"standard","meta":{"_acf_changed":false,"_et_pb_use_builder":"","_et_pb_old_content":"","_et_gb_content_width":"","content-type":"","footnotes":""},"categories":[],"tags":[],"dipi_cpt_category":[],"class_list":["post-25004","post","type-post","status-publish","format-standard","has-post-thumbnail","hentry"],"acf":[],"_links":{"self":[{"href":"https:\/\/www.elvendrellturisme.com\/es\/wp-json\/wp\/v2\/posts\/25004","targetHints":{"allow":["GET"]}}],"collection":[{"href":"https:\/\/www.elvendrellturisme.com\/es\/wp-json\/wp\/v2\/posts"}],"about":[{"href":"https:\/\/www.elvendrellturisme.com\/es\/wp-json\/wp\/v2\/types\/post"}],"author":[{"embeddable":true,"href":"https:\/\/www.elvendrellturisme.com\/es\/wp-json\/wp\/v2\/users\/1"}],"replies":[{"embeddable":true,"href":"https:\/\/www.elvendrellturisme.com\/es\/wp-json\/wp\/v2\/comments?post=25004"}],"version-history":[{"count":0,"href":"https:\/\/www.elvendrellturisme.com\/es\/wp-json\/wp\/v2\/posts\/25004\/revisions"}],"wp:featuredmedia":[{"embeddable":true,"href":"https:\/\/www.elvendrellturisme.com\/es\/wp-json\/wp\/v2\/media\/23506"}],"wp:attachment":[{"href":"https:\/\/www.elvendrellturisme.com\/es\/wp-json\/wp\/v2\/media?parent=25004"}],"wp:term":[{"taxonomy":"category","embeddable":true,"href":"https:\/\/www.elvendrellturisme.com\/es\/wp-json\/wp\/v2\/categories?post=25004"},{"taxonomy":"post_tag","embeddable":true,"href":"https:\/\/www.elvendrellturisme.com\/es\/wp-json\/wp\/v2\/tags?post=25004"},{"taxonomy":"dipi_cpt_category","embeddable":true,"href":"https:\/\/www.elvendrellturisme.com\/es\/wp-json\/wp\/v2\/dipi_cpt_category?post=25004"}],"curies":[{"name":"wp","href":"https:\/\/api.w.org\/{rel}","templated":true}]}}