{"id":25032,"date":"2018-01-27T10:05:11","date_gmt":"2018-01-27T10:05:11","guid":{"rendered":"http:\/\/tv.dms3labs.cat\/arreglo-y-senalizacion-del-camino-de-la-via-augusta\/"},"modified":"2018-01-27T10:05:11","modified_gmt":"2018-01-27T10:05:11","slug":"arreglo-y-senalizacion-del-camino-de-la-via-augusta","status":"publish","type":"post","link":"https:\/\/www.elvendrellturisme.com\/es\/arreglo-y-senalizacion-del-camino-de-la-via-augusta\/","title":{"rendered":"Arreglo y se\u00f1alizaci\u00f3n del camino de la V\u00eda Augusta"},"content":{"rendered":"<p>Siguiendo las indicaciones de la Comisi\u00f3n del Patrimonio del Vendrell, el Ayuntamiento ha instalado ocho paneles en el camino de la V\u00eda Augusta, despu\u00e9s de haber hecho un arreglo, que explican su valor hist\u00f3rico y patrimonial.<\/p>\n<p>La V\u00eda Augusta del Vendrell es uno de los tramos m\u00e1s largos conservados de la antigua calzada romana. En \u00e9poca medieval se convirti\u00f3 en camino real. El camino, de un kil\u00f3metro y medio aproximadamente, comunica la zona de los Bulevares con el Plan de Mar y est\u00e1 rodeado de un paisaje de vi\u00f1a y de m\u00e1rgenes de piedra seca.<\/p>\n<p>Se puede recorrer f\u00e1cilmente a pie y en bicicleta.<\/p>\n","protected":false},"excerpt":{"rendered":"<p>Siguiendo las indicaciones de la Comisi\u00f3n del Patrimonio del Vendrell, el Ayuntamiento ha instalado ocho paneles en el camino de la V\u00eda Augusta, despu\u00e9s de haber hecho un arreglo, que explican su valor hist\u00f3rico y patrimonial. La V\u00eda Augusta del Vendrell es uno de los tramos m\u00e1s largos conservados de la antigua calzada romana. En [&hellip;]<\/p>\n","protected":false},"author":1,"featured_media":23561,"comment_status":"open","ping_status":"closed","sticky":false,"template":"","format":"standard","meta":{"_acf_changed":false,"_et_pb_use_builder":"","_et_pb_old_content":"","_et_gb_content_width":"","content-type":"","footnotes":""},"categories":[],"tags":[],"dipi_cpt_category":[],"class_list":["post-25032","post","type-post","status-publish","format-standard","has-post-thumbnail","hentry"],"acf":[],"_links":{"self":[{"href":"https:\/\/www.elvendrellturisme.com\/es\/wp-json\/wp\/v2\/posts\/25032","targetHints":{"allow":["GET"]}}],"collection":[{"href":"https:\/\/www.elvendrellturisme.com\/es\/wp-json\/wp\/v2\/posts"}],"about":[{"href":"https:\/\/www.elvendrellturisme.com\/es\/wp-json\/wp\/v2\/types\/post"}],"author":[{"embeddable":true,"href":"https:\/\/www.elvendrellturisme.com\/es\/wp-json\/wp\/v2\/users\/1"}],"replies":[{"embeddable":true,"href":"https:\/\/www.elvendrellturisme.com\/es\/wp-json\/wp\/v2\/comments?post=25032"}],"version-history":[{"count":0,"href":"https:\/\/www.elvendrellturisme.com\/es\/wp-json\/wp\/v2\/posts\/25032\/revisions"}],"wp:featuredmedia":[{"embeddable":true,"href":"https:\/\/www.elvendrellturisme.com\/es\/wp-json\/wp\/v2\/media\/23561"}],"wp:attachment":[{"href":"https:\/\/www.elvendrellturisme.com\/es\/wp-json\/wp\/v2\/media?parent=25032"}],"wp:term":[{"taxonomy":"category","embeddable":true,"href":"https:\/\/www.elvendrellturisme.com\/es\/wp-json\/wp\/v2\/categories?post=25032"},{"taxonomy":"post_tag","embeddable":true,"href":"https:\/\/www.elvendrellturisme.com\/es\/wp-json\/wp\/v2\/tags?post=25032"},{"taxonomy":"dipi_cpt_category","embeddable":true,"href":"https:\/\/www.elvendrellturisme.com\/es\/wp-json\/wp\/v2\/dipi_cpt_category?post=25032"}],"curies":[{"name":"wp","href":"https:\/\/api.w.org\/{rel}","templated":true}]}}