{"id":25038,"date":"2018-02-13T12:02:27","date_gmt":"2018-02-13T12:02:27","guid":{"rendered":"http:\/\/tv.dms3labs.cat\/cinemusic-para-bebes-y-ninos-este-domingo-en-el-tivoli\/"},"modified":"2018-02-13T12:02:27","modified_gmt":"2018-02-13T12:02:27","slug":"cinemusic-para-bebes-y-ninos-este-domingo-en-el-tivoli","status":"publish","type":"post","link":"https:\/\/www.elvendrellturisme.com\/es\/cinemusic-para-bebes-y-ninos-este-domingo-en-el-tivoli\/","title":{"rendered":"Cinemusic para beb\u00e9s y ni\u00f1os, este domingo, en el T\u00edvoli"},"content":{"rendered":"<p>Los m\u00e1s peque\u00f1os podr\u00e1n disfrutar de la m\u00fasica y el cine mudo, este domingo, en el Auditorio del T\u00edvoli (17h y 18h). La compa\u00f1\u00eda Vive el Teatro presenta un espect\u00e1culo para beb\u00e9s y primera infancia, en la que combina el teatro, el cine, la m\u00fasica y el lenguaje visual. Toda una experiencia sensorial, recomendada para edades comprendidas entre los 0 y los 4 a\u00f1os, que introducir\u00e1 al p\u00fablico en el cine mudo, con el acompa\u00f1amiento de la m\u00fasica en directo.<\/p>\n<p>El espect\u00e1culo quiere acercar la experiencia de las artes esc\u00e9nicas a los m\u00e1s peque\u00f1os a partir de un espect\u00e1culo vivencial donde la m\u00fasica y las im\u00e1genes tienen un papel protagonista para captar la atenci\u00f3n del ni\u00f1o.<\/p>\n<p>La compa\u00f1\u00eda Vive el Teatro es una productora de espect\u00e1culos especializada en la creaci\u00f3n de montajes teatrales y eventos culturales dirigidos a los ni\u00f1os, con el objetivo de fomentar la puesta en escena de textos de autores contempor\u00e1neos y nuevas propuestas de exhibici\u00f3n teatral para fomentar el h\u00e1bito de ir al teatro en familia creando programas de nuevos p\u00fablicos. Vive el Teatro nace en 2003, fundada por Llu\u00eds Juanet y Gisela Juanet, y cuenta con un equipo de profesionales del \u00e1mbito cultural y educativo para desarrollar cada uno de los proyectos con todos los sentidos, partiendo siempre de la creatividad y la personalizaci\u00f3n de cada trabajo. Desde sus inicios, Vive el Teatro ha estrenado m\u00e1s de 15 montajes teatrales.<\/p>\n<p>Para reservar o comprar entradas, hay que dirigirse a la web Ticketea (tel. 902 044 226, www.ticketea.com), a la concejal\u00eda de Cultura (la Rambla 24, 977 66 56 84), de lunes a viernes de 10 a 14h, o bien en la taquilla, una hora antes de la representaci\u00f3n, si el aforo lo permite.<\/p>\n<p>Cinemusic<br \/>\nD\u00eda: 18 de febrero<br \/>\nLugar: Auditorio del T\u00edvoli<br \/>\nHora: 17h y 18h (2 sesiones, duraci\u00f3n aproximada 30 &#8216;)<br \/>\nPrecio: 6 \u20ac<br \/>\nPrecio con descuento: 4 \u20ac (gratis para menores de 3 a\u00f1os)<\/p>\n","protected":false},"excerpt":{"rendered":"<p>Los m\u00e1s peque\u00f1os podr\u00e1n disfrutar de la m\u00fasica y el cine mudo, este domingo, en el Auditorio del T\u00edvoli (17h y 18h). La compa\u00f1\u00eda Vive el Teatro presenta un espect\u00e1culo para beb\u00e9s y primera infancia, en la que combina el teatro, el cine, la m\u00fasica y el lenguaje visual. Toda una experiencia sensorial, recomendada para [&hellip;]<\/p>\n","protected":false},"author":1,"featured_media":23572,"comment_status":"open","ping_status":"closed","sticky":false,"template":"","format":"standard","meta":{"_acf_changed":false,"_et_pb_use_builder":"","_et_pb_old_content":"","_et_gb_content_width":"","content-type":"","footnotes":""},"categories":[],"tags":[],"dipi_cpt_category":[],"class_list":["post-25038","post","type-post","status-publish","format-standard","has-post-thumbnail","hentry"],"acf":[],"_links":{"self":[{"href":"https:\/\/www.elvendrellturisme.com\/es\/wp-json\/wp\/v2\/posts\/25038","targetHints":{"allow":["GET"]}}],"collection":[{"href":"https:\/\/www.elvendrellturisme.com\/es\/wp-json\/wp\/v2\/posts"}],"about":[{"href":"https:\/\/www.elvendrellturisme.com\/es\/wp-json\/wp\/v2\/types\/post"}],"author":[{"embeddable":true,"href":"https:\/\/www.elvendrellturisme.com\/es\/wp-json\/wp\/v2\/users\/1"}],"replies":[{"embeddable":true,"href":"https:\/\/www.elvendrellturisme.com\/es\/wp-json\/wp\/v2\/comments?post=25038"}],"version-history":[{"count":0,"href":"https:\/\/www.elvendrellturisme.com\/es\/wp-json\/wp\/v2\/posts\/25038\/revisions"}],"wp:featuredmedia":[{"embeddable":true,"href":"https:\/\/www.elvendrellturisme.com\/es\/wp-json\/wp\/v2\/media\/23572"}],"wp:attachment":[{"href":"https:\/\/www.elvendrellturisme.com\/es\/wp-json\/wp\/v2\/media?parent=25038"}],"wp:term":[{"taxonomy":"category","embeddable":true,"href":"https:\/\/www.elvendrellturisme.com\/es\/wp-json\/wp\/v2\/categories?post=25038"},{"taxonomy":"post_tag","embeddable":true,"href":"https:\/\/www.elvendrellturisme.com\/es\/wp-json\/wp\/v2\/tags?post=25038"},{"taxonomy":"dipi_cpt_category","embeddable":true,"href":"https:\/\/www.elvendrellturisme.com\/es\/wp-json\/wp\/v2\/dipi_cpt_category?post=25038"}],"curies":[{"name":"wp","href":"https:\/\/api.w.org\/{rel}","templated":true}]}}