{"id":25042,"date":"2018-02-20T11:17:56","date_gmt":"2018-02-20T11:17:56","guid":{"rendered":"http:\/\/tv.dms3labs.cat\/abierto-hasta-el-1-de-junio-el-periodo-de-presentacion-de-solicitudes-para-exponer-en-la-sala-portal-del-pardo\/"},"modified":"2018-02-20T11:17:56","modified_gmt":"2018-02-20T11:17:56","slug":"abierto-hasta-el-1-de-junio-el-periodo-de-presentacion-de-solicitudes-para-exponer-en-la-sala-portal-del-pardo","status":"publish","type":"post","link":"https:\/\/www.elvendrellturisme.com\/es\/abierto-hasta-el-1-de-junio-el-periodo-de-presentacion-de-solicitudes-para-exponer-en-la-sala-portal-del-pardo\/","title":{"rendered":"Abierto hasta el 1 de junio el periodo de presentaci\u00f3n de solicitudes para exponer en la Sala Portal del Pardo"},"content":{"rendered":"<p>La Regidoria de Cultura de l\u2019Ajuntament del Vendrell, un any m\u00e9s, posa a disposici\u00f3 de les persones creadores o exhibidores la Sala Portal del Pardo, per tal d\u2019exposar-hi la seva obra i aix\u00ed, promoure, estimular i divulgar les arts visuals i pl\u00e0stiques.<\/p>\n<p> A les bases que es poden consultar en el seg\u00fcent enlla\u00e7 Sala Portal del Pardo es determinen les condicions i els criteris de selecci\u00f3 de les exposicions per aquest emblem\u00e0tic espai cultural del Vendrell. Les sol\u00b7licituds per exposar-hi es poden presentar fins a l\u20191 de juny i les propostes seleccionades formaran part de la programaci\u00f3 de la sala durant l\u2019any 2019.<\/p>\n<p>La sala municipal ofereix una programaci\u00f3 diversa i de qualitat en la seva oferta cultural d\u2019arts visuals i pl\u00e0stiques, a m\u00e9s de rebre el suport dels cellers Jan\u00e9 Ventura i Miquel Pons, que en cada inauguraci\u00f3 de l\u2019espai, aporten un tast dels seus productes de qualitat al p\u00fablic assistent.<\/p>\n<p>Pel qu\u00e8 fa al balan\u00e7 de p\u00fablic, la Sala del Portal del Pardo va rebre l\u2019any 2017 un total de 3.757<\/p>\n","protected":false},"excerpt":{"rendered":"<p>La Regidoria de Cultura de l\u2019Ajuntament del Vendrell, un any m\u00e9s, posa a disposici\u00f3 de les persones creadores o exhibidores la Sala Portal del Pardo, per tal d\u2019exposar-hi la seva obra i aix\u00ed, promoure, estimular i divulgar les arts visuals i pl\u00e0stiques. A les bases que es poden consultar en el seg\u00fcent enlla\u00e7 Sala Portal [&hellip;]<\/p>\n","protected":false},"author":1,"featured_media":23580,"comment_status":"open","ping_status":"closed","sticky":false,"template":"","format":"standard","meta":{"_acf_changed":false,"_et_pb_use_builder":"","_et_pb_old_content":"","_et_gb_content_width":"","content-type":"","footnotes":""},"categories":[],"tags":[],"dipi_cpt_category":[],"class_list":["post-25042","post","type-post","status-publish","format-standard","has-post-thumbnail","hentry"],"acf":[],"_links":{"self":[{"href":"https:\/\/www.elvendrellturisme.com\/es\/wp-json\/wp\/v2\/posts\/25042","targetHints":{"allow":["GET"]}}],"collection":[{"href":"https:\/\/www.elvendrellturisme.com\/es\/wp-json\/wp\/v2\/posts"}],"about":[{"href":"https:\/\/www.elvendrellturisme.com\/es\/wp-json\/wp\/v2\/types\/post"}],"author":[{"embeddable":true,"href":"https:\/\/www.elvendrellturisme.com\/es\/wp-json\/wp\/v2\/users\/1"}],"replies":[{"embeddable":true,"href":"https:\/\/www.elvendrellturisme.com\/es\/wp-json\/wp\/v2\/comments?post=25042"}],"version-history":[{"count":0,"href":"https:\/\/www.elvendrellturisme.com\/es\/wp-json\/wp\/v2\/posts\/25042\/revisions"}],"wp:featuredmedia":[{"embeddable":true,"href":"https:\/\/www.elvendrellturisme.com\/es\/wp-json\/wp\/v2\/media\/23580"}],"wp:attachment":[{"href":"https:\/\/www.elvendrellturisme.com\/es\/wp-json\/wp\/v2\/media?parent=25042"}],"wp:term":[{"taxonomy":"category","embeddable":true,"href":"https:\/\/www.elvendrellturisme.com\/es\/wp-json\/wp\/v2\/categories?post=25042"},{"taxonomy":"post_tag","embeddable":true,"href":"https:\/\/www.elvendrellturisme.com\/es\/wp-json\/wp\/v2\/tags?post=25042"},{"taxonomy":"dipi_cpt_category","embeddable":true,"href":"https:\/\/www.elvendrellturisme.com\/es\/wp-json\/wp\/v2\/dipi_cpt_category?post=25042"}],"curies":[{"name":"wp","href":"https:\/\/api.w.org\/{rel}","templated":true}]}}