{"id":25046,"date":"2018-02-27T12:11:33","date_gmt":"2018-02-27T12:11:33","guid":{"rendered":"http:\/\/tv.dms3labs.cat\/donde-se-habra-escondido-el-leon-buscalo-en-el-safari-del-tag-este-domingo\/"},"modified":"2018-02-27T12:11:33","modified_gmt":"2018-02-27T12:11:33","slug":"donde-se-habra-escondido-el-leon-buscalo-en-el-safari-del-tag-este-domingo","status":"publish","type":"post","link":"https:\/\/www.elvendrellturisme.com\/es\/donde-se-habra-escondido-el-leon-buscalo-en-el-safari-del-tag-este-domingo\/","title":{"rendered":"D\u00f3nde se habr\u00e1 escondido el le\u00f3n? B\u00fascalo en el Safari &#8216;del TAG este domingo"},"content":{"rendered":"<p>El safari apoderar\u00e1 del escenario del Teatro \u00c0ngel Guimer\u00e0 este domingo 4 de marzo (12h). Los dos protagonistas de L\u00edo en la Granja, en Pinyot y en Calabac\u00edn, ser\u00e1n los encargados de hacer pasar un rato entretenido y divertido a los peque\u00f1os y sus familias.<\/p>\n<p>Estos dos personajes nos cuentan el conflicto en que se han encontrado inmersos en la sabana, donde se han desplazado despu\u00e9s de haber recibido la noticia de que los advert\u00eda de la misteriosa desaparici\u00f3n del le\u00f3n. En su labor de investigaci\u00f3n interpelan la jirafa, el mono, el elefante, el cocodrilo &#8230; y en plena aventura, topan con el le\u00f3n, capmoix y pensativo, que no sabe rugir. Con la firme voluntad de resolver el caso y darle una mano, los intr\u00e9pidos investigadores de La Baldufa tratan de averiguar cu\u00e1les son los motivos de este asunto. \u00bfPor qu\u00e9 el cocodrilo se empe\u00f1a en atacar el le\u00f3n, que no sabe rugir? \u00bfPor qu\u00e9 el resto de animales tambi\u00e9n se empe\u00f1a en hacerle la pascua? Qu\u00e9 habr\u00e1 que hacer para que el rey de la sabana envalentone?<\/p>\n<p>Un espect\u00e1culo dirigido a ni\u00f1os a partir de 3 a\u00f1os, donde se juega con una escenograf\u00eda que se desdobla para conseguir un espacio atractivo que refleje todo este ecosistema.<\/p>\n<p>Como mensaje reflexivo, el &#8216;bullying&#8217; es la cuesti\u00f3n que se aborda. Las ni\u00f1as y los ni\u00f1os pueden entender sus amenazas a partir del comportamiento del cocodrilo y el le\u00f3n, y tambi\u00e9n del de la jirafa, el mono y el elefante. La preocupaci\u00f3n de Pinyot y en Calabac\u00edn es similar a la que pueden tener actualmente padres y maestros con un problema que est\u00e1 a la orden del d\u00eda.<\/p>\n<p>Los ni\u00f1os tambi\u00e9n pueden ser feroces y crueles con los compa\u00f1eros. En cambio, tenemos el convencimiento de que, por medio de la educaci\u00f3n y el trabajo, se pueden potenciar actitudes y comportamientos en positivo que permitan una convivencia dulce y tranquila.<\/p>\n<p>Para reservar o comprar entradas, hay que dirigirse a la web Ticketea (tel. 902 044 226, www.ticketea.com), a la concejal\u00eda de Cultura (la Rambla 24, 977 66 56 84), de lunes a viernes de 10 a 14h, o bien en la taquilla, una hora antes de la representaci\u00f3n, si el aforo lo permite.<\/p>\n<p>SAFARI<br \/>\nD\u00eda: Domingo 4 de marzo<br \/>\nLugar: Teatro \u00c0ngel Guimer\u00e0<br \/>\nHora: 12 h<br \/>\nPrecio: 6 \u20ac<br \/>\nPrecio con descuento: 4 \u20ac (Gratuito para los menores de 3 a\u00f1os)<\/p>\n","protected":false},"excerpt":{"rendered":"<p>El safari apoderar\u00e1 del escenario del Teatro \u00c0ngel Guimer\u00e0 este domingo 4 de marzo (12h). Los dos protagonistas de L\u00edo en la Granja, en Pinyot y en Calabac\u00edn, ser\u00e1n los encargados de hacer pasar un rato entretenido y divertido a los peque\u00f1os y sus familias. Estos dos personajes nos cuentan el conflicto en que se [&hellip;]<\/p>\n","protected":false},"author":1,"featured_media":23588,"comment_status":"open","ping_status":"closed","sticky":false,"template":"","format":"standard","meta":{"_acf_changed":false,"_et_pb_use_builder":"","_et_pb_old_content":"","_et_gb_content_width":"","content-type":"","footnotes":""},"categories":[],"tags":[],"dipi_cpt_category":[],"class_list":["post-25046","post","type-post","status-publish","format-standard","has-post-thumbnail","hentry"],"acf":[],"_links":{"self":[{"href":"https:\/\/www.elvendrellturisme.com\/es\/wp-json\/wp\/v2\/posts\/25046","targetHints":{"allow":["GET"]}}],"collection":[{"href":"https:\/\/www.elvendrellturisme.com\/es\/wp-json\/wp\/v2\/posts"}],"about":[{"href":"https:\/\/www.elvendrellturisme.com\/es\/wp-json\/wp\/v2\/types\/post"}],"author":[{"embeddable":true,"href":"https:\/\/www.elvendrellturisme.com\/es\/wp-json\/wp\/v2\/users\/1"}],"replies":[{"embeddable":true,"href":"https:\/\/www.elvendrellturisme.com\/es\/wp-json\/wp\/v2\/comments?post=25046"}],"version-history":[{"count":0,"href":"https:\/\/www.elvendrellturisme.com\/es\/wp-json\/wp\/v2\/posts\/25046\/revisions"}],"wp:featuredmedia":[{"embeddable":true,"href":"https:\/\/www.elvendrellturisme.com\/es\/wp-json\/wp\/v2\/media\/23588"}],"wp:attachment":[{"href":"https:\/\/www.elvendrellturisme.com\/es\/wp-json\/wp\/v2\/media?parent=25046"}],"wp:term":[{"taxonomy":"category","embeddable":true,"href":"https:\/\/www.elvendrellturisme.com\/es\/wp-json\/wp\/v2\/categories?post=25046"},{"taxonomy":"post_tag","embeddable":true,"href":"https:\/\/www.elvendrellturisme.com\/es\/wp-json\/wp\/v2\/tags?post=25046"},{"taxonomy":"dipi_cpt_category","embeddable":true,"href":"https:\/\/www.elvendrellturisme.com\/es\/wp-json\/wp\/v2\/dipi_cpt_category?post=25046"}],"curies":[{"name":"wp","href":"https:\/\/api.w.org\/{rel}","templated":true}]}}