{"id":25053,"date":"2018-03-15T11:20:54","date_gmt":"2018-03-15T11:20:54","guid":{"rendered":"http:\/\/tv.dms3labs.cat\/las-dos-procesiones-de-semana-santa-de-el-vendrell-presentan-novedades\/"},"modified":"2018-03-15T11:20:54","modified_gmt":"2018-03-15T11:20:54","slug":"las-dos-procesiones-de-semana-santa-de-el-vendrell-presentan-novedades","status":"publish","type":"post","link":"https:\/\/www.elvendrellturisme.com\/es\/las-dos-procesiones-de-semana-santa-de-el-vendrell-presentan-novedades\/","title":{"rendered":"Las dos procesiones de Semana Santa de El Vendrell presentan novedades"},"content":{"rendered":"<p>Dentro de la Semana Santa de El Vendrell hay tres eventos p\u00fablicos con una gran concurrencia, que son la bendici\u00f3n de Ramos, que tendr\u00e1 lugar el domingo 25 de marzo, a las 12 h, en la plaza de Francesc Maci\u00e0, y las dos procesiones.<\/p>\n<p>Por un lado, el domingo 25 de marzo, a las 16:30 h, con salida desde la Iglesia parroquial, se iniciar\u00e1 la procesi\u00f3n de la Hermandad de Nuestro Padre Jes\u00fas de las Penas y Nuestra Se\u00f1ora del Consuelo, una de las que cuenta con m\u00e1s participaci\u00f3n del territorio. Como novedad, este a\u00f1o, el paso de la Virgen del Consuelo volver\u00e1 a salir bajo palio gracias a las aportaciones econ\u00f3micas de muchos donantes. El Hermano Mayor Ildefonso Mu\u00f1oz ha explicado que, con motivo de las nuevas dimensiones del paso, habr\u00e1 un cambio en el recorrido: &quot;en vez de bajar por la c \/ Pez, se bajar\u00e1 por c \/ Carnicer\u00eda para seguir por la C \/ Muralla&quot;. Tambi\u00e9n se estrenar\u00e1 una nueva marcha a cargo de la Banda de la Hermandad.<\/p>\n<p>Y por otra parte, el viernes 30 de marzo, a partir de las 22 h, ser\u00e1 el turno de la Procesi\u00f3n del Silencio, que tendr\u00e1 el mismo formato y recorrido de siempre, pero que tambi\u00e9n incorpora una novedad. En este caso, la Cofrad\u00eda de la Soledad ha restaurado la imagen del Santo Sepulcro y se han hecho modificaciones al paso para que tenga m\u00e1s visibilidad desde pie de calle. Padre Joan Maria Padrell, rector de la parroquia de San Salvador, explic\u00f3 que la procesi\u00f3n ser\u00e1 retransmitida en directo por Televisi\u00f3n el Vendrell, lo que &quot;ancianos y personas enfermas que visito lo agradecen porque la podr\u00e1n ver desde casa&quot;.<\/p>\n<p>La concejala de Cultura y Fiestas, Eva M. Serrami\u00e0, ha invitado a todos a participar de las celebraciones de la Semana Santa en El Vendrell, que &quot;como un atractivo m\u00e1s de nuestro municipio, cada a\u00f1o cuentan con la asistencia de m\u00e1s personas, tanto propios lugare\u00f1os como de visitantes que recibimos en estas fechas &quot;.<\/p>\n","protected":false},"excerpt":{"rendered":"<p>Dentro de la Semana Santa de El Vendrell hay tres eventos p\u00fablicos con una gran concurrencia, que son la bendici\u00f3n de Ramos, que tendr\u00e1 lugar el domingo 25 de marzo, a las 12 h, en la plaza de Francesc Maci\u00e0, y las dos procesiones. Por un lado, el domingo 25 de marzo, a las 16:30 [&hellip;]<\/p>\n","protected":false},"author":1,"featured_media":23602,"comment_status":"open","ping_status":"closed","sticky":false,"template":"","format":"standard","meta":{"_acf_changed":false,"_et_pb_use_builder":"","_et_pb_old_content":"","_et_gb_content_width":"","content-type":"","footnotes":""},"categories":[],"tags":[],"dipi_cpt_category":[],"class_list":["post-25053","post","type-post","status-publish","format-standard","has-post-thumbnail","hentry"],"acf":[],"_links":{"self":[{"href":"https:\/\/www.elvendrellturisme.com\/es\/wp-json\/wp\/v2\/posts\/25053","targetHints":{"allow":["GET"]}}],"collection":[{"href":"https:\/\/www.elvendrellturisme.com\/es\/wp-json\/wp\/v2\/posts"}],"about":[{"href":"https:\/\/www.elvendrellturisme.com\/es\/wp-json\/wp\/v2\/types\/post"}],"author":[{"embeddable":true,"href":"https:\/\/www.elvendrellturisme.com\/es\/wp-json\/wp\/v2\/users\/1"}],"replies":[{"embeddable":true,"href":"https:\/\/www.elvendrellturisme.com\/es\/wp-json\/wp\/v2\/comments?post=25053"}],"version-history":[{"count":0,"href":"https:\/\/www.elvendrellturisme.com\/es\/wp-json\/wp\/v2\/posts\/25053\/revisions"}],"wp:featuredmedia":[{"embeddable":true,"href":"https:\/\/www.elvendrellturisme.com\/es\/wp-json\/wp\/v2\/media\/23602"}],"wp:attachment":[{"href":"https:\/\/www.elvendrellturisme.com\/es\/wp-json\/wp\/v2\/media?parent=25053"}],"wp:term":[{"taxonomy":"category","embeddable":true,"href":"https:\/\/www.elvendrellturisme.com\/es\/wp-json\/wp\/v2\/categories?post=25053"},{"taxonomy":"post_tag","embeddable":true,"href":"https:\/\/www.elvendrellturisme.com\/es\/wp-json\/wp\/v2\/tags?post=25053"},{"taxonomy":"dipi_cpt_category","embeddable":true,"href":"https:\/\/www.elvendrellturisme.com\/es\/wp-json\/wp\/v2\/dipi_cpt_category?post=25053"}],"curies":[{"name":"wp","href":"https:\/\/api.w.org\/{rel}","templated":true}]}}