{"id":25057,"date":"2018-03-29T17:25:08","date_gmt":"2018-03-29T17:25:08","guid":{"rendered":"http:\/\/tv.dms3labs.cat\/el-servicio-de-atencion-continuada-del-cap-el-vendrell-estara-abierto-los-festivos-de-semana-santa\/"},"modified":"2018-03-29T17:25:08","modified_gmt":"2018-03-29T17:25:08","slug":"el-servicio-de-atencion-continuada-del-cap-el-vendrell-estara-abierto-los-festivos-de-semana-santa","status":"publish","type":"post","link":"https:\/\/www.elvendrellturisme.com\/es\/el-servicio-de-atencion-continuada-del-cap-el-vendrell-estara-abierto-los-festivos-de-semana-santa\/","title":{"rendered":"El servicio de Atenci\u00f3n Continuada del CAP El Vendrell estar\u00e1 abierto los festivos de Semana Santa"},"content":{"rendered":"<p>Desde el pasado mes de septiembre se da asistencia de Atenci\u00f3n Continuada de lunes a viernes, de 8 a 21 h.<\/p>\n<p>Esta Semana Santa, con previsi\u00f3n del aumento de poblaci\u00f3n, el CAP estar\u00e1 abierto los d\u00edas festivos con el siguiente horario:<br \/>\n-viernes, de 9 a 21 h<br \/>\n-el s\u00e1bado, de 9 a 21 h<br \/>\n-el domingo, de 9 a 21 h<br \/>\n-lunes, de 9 a 14 h<\/p>\n<p>Desde la salida del SEM de las instalaciones del CAP de El Vendrell, se ha recuperado el espacio de Atenci\u00f3n Continuada, que se cerr\u00f3 hace unos a\u00f1os con<br \/>\nla apertura del Hospital del Vendrell.<\/p>\n<p>Con la recuperaci\u00f3n de este espacio se puede dar una mejor atenci\u00f3n a la poblaci\u00f3n de El Vendrell, evitando desplazamientos al Hospital de El Vendrell.<\/p>\n","protected":false},"excerpt":{"rendered":"<p>Desde el pasado mes de septiembre se da asistencia de Atenci\u00f3n Continuada de lunes a viernes, de 8 a 21 h. Esta Semana Santa, con previsi\u00f3n del aumento de poblaci\u00f3n, el CAP estar\u00e1 abierto los d\u00edas festivos con el siguiente horario: -viernes, de 9 a 21 h -el s\u00e1bado, de 9 a 21 h -el [&hellip;]<\/p>\n","protected":false},"author":1,"featured_media":23610,"comment_status":"open","ping_status":"closed","sticky":false,"template":"","format":"standard","meta":{"_acf_changed":false,"_et_pb_use_builder":"","_et_pb_old_content":"","_et_gb_content_width":"","content-type":"","footnotes":""},"categories":[],"tags":[],"dipi_cpt_category":[],"class_list":["post-25057","post","type-post","status-publish","format-standard","has-post-thumbnail","hentry"],"acf":[],"_links":{"self":[{"href":"https:\/\/www.elvendrellturisme.com\/es\/wp-json\/wp\/v2\/posts\/25057","targetHints":{"allow":["GET"]}}],"collection":[{"href":"https:\/\/www.elvendrellturisme.com\/es\/wp-json\/wp\/v2\/posts"}],"about":[{"href":"https:\/\/www.elvendrellturisme.com\/es\/wp-json\/wp\/v2\/types\/post"}],"author":[{"embeddable":true,"href":"https:\/\/www.elvendrellturisme.com\/es\/wp-json\/wp\/v2\/users\/1"}],"replies":[{"embeddable":true,"href":"https:\/\/www.elvendrellturisme.com\/es\/wp-json\/wp\/v2\/comments?post=25057"}],"version-history":[{"count":0,"href":"https:\/\/www.elvendrellturisme.com\/es\/wp-json\/wp\/v2\/posts\/25057\/revisions"}],"wp:featuredmedia":[{"embeddable":true,"href":"https:\/\/www.elvendrellturisme.com\/es\/wp-json\/wp\/v2\/media\/23610"}],"wp:attachment":[{"href":"https:\/\/www.elvendrellturisme.com\/es\/wp-json\/wp\/v2\/media?parent=25057"}],"wp:term":[{"taxonomy":"category","embeddable":true,"href":"https:\/\/www.elvendrellturisme.com\/es\/wp-json\/wp\/v2\/categories?post=25057"},{"taxonomy":"post_tag","embeddable":true,"href":"https:\/\/www.elvendrellturisme.com\/es\/wp-json\/wp\/v2\/tags?post=25057"},{"taxonomy":"dipi_cpt_category","embeddable":true,"href":"https:\/\/www.elvendrellturisme.com\/es\/wp-json\/wp\/v2\/dipi_cpt_category?post=25057"}],"curies":[{"name":"wp","href":"https:\/\/api.w.org\/{rel}","templated":true}]}}