{"id":25060,"date":"2018-04-06T10:54:15","date_gmt":"2018-04-06T10:54:15","guid":{"rendered":"http:\/\/tv.dms3labs.cat\/una-trama-de-detectives-con-concierto-previo-este-sabado-en-el-tag\/"},"modified":"2018-04-06T10:54:15","modified_gmt":"2018-04-06T10:54:15","slug":"una-trama-de-detectives-con-concierto-previo-este-sabado-en-el-tag","status":"publish","type":"post","link":"https:\/\/www.elvendrellturisme.com\/es\/una-trama-de-detectives-con-concierto-previo-este-sabado-en-el-tag\/","title":{"rendered":"Una trama de detectives, con concierto previo, este s\u00e1bado en el TAG"},"content":{"rendered":"<p>El pr\u00f3ximo espect\u00e1culo del Teatro \u00c0ngel Guimer\u00e0, este s\u00e1bado 7 de abril, a las 20.30h, ofrece la posibilidad al espectador de pasar una tarde completamente diferente, ya que previamente a la obra &quot;Sota la catifa&quot; tendr\u00e1 lugar un concierto con degustaci\u00f3n de cerveza incluida. En concreto, a las 19.30h, se ofrecer\u00e1 un concierto previo en el hall del teatro, con el grupo de blues Malacara &#038; Wilson Band, acompa\u00f1ado de una cerveza gentileza de Estrella Damm.<\/p>\n<p>El argumento de &#8216;Sota la catifa&#8217; se sit\u00faa en una habitaci\u00f3n de un lujoso hotel. Medina, un hombre elegante de unos cincuenta a\u00f1os, yace en el suelo, moribundo. Horas despu\u00e9s, David, Toni y Alex, tres detectives de unos cuarenta a\u00f1os que est\u00e1n en el hotel para participar en el congreso anual organizado por su colegio profesional, vienen a la habitaci\u00f3n de su profesor, Medina, a buscarlo. El que es considerado el decano de los detectives en Catalu\u00f1a ten\u00eda que hacer el discurso inaugural del congreso hace una hora pero no se ha presentado en el auditorio ante sus colegas. Los tres detectives encuentran la habitaci\u00f3n vac\u00eda pero revuelta como si hubiera habido una pelea. Y, debajo de la alfombra, una extra\u00f1a alfombra que no hay en las otras habitaciones, manchas de sangre. David, Toni y Alex intentar\u00e1n averiguar qu\u00e9 es lo que ha pasado con Medina. <\/p>\n<p>El pilar de la obra son sus personajes y su conflictos: sus secretos y sus mentiras y miserias ser\u00e1n una fuente de humor agridulce en toda la pieza. Y la investigaci\u00f3n de la desaparici\u00f3n de su mentor, un caso en el que los tres nunca se habr\u00edan visto implicados si hubiera pasado m\u00e1s tiempo, ya que habr\u00eda quedado en manos de la polic\u00eda. Un gancho para atrapar al p\u00fablico desde el principio al final.<\/p>\n<p>Concierto Previo<\/p>\n<p>Xavi Malacara es un conocido cantante y compositor de la escena musical de Barcelona. Combina proyectos de m\u00fasica en directo con la edici\u00f3n de discos de producci\u00f3n propia. Junto con Wilson Band han grabado su cuarto \u00e1lbum &quot;Summer Camp&quot; el cual forma parte de la banda sonora de &quot;Sota la catifa&quot;. Como los espect\u00e1culos anteriores, la banda realizar\u00e1 un concierto previo a la funci\u00f3n en el hall del teatro, acompa\u00f1ado de una cerveza gentileza de Estrella Damm.<\/p>\n<p>Para reservar o comprar entradas, hay que dirigirse a la web Ticketea (tel. 902 044 226, www.ticketea.com), a la concejal\u00eda de Cultura (la Rambla 24, 977 66 56 84), hasta este viernes de 10 a 14h , o bien en la taquilla, una hora antes de la representaci\u00f3n, si el aforo lo permite.<\/p>\n<p>SOTA LA CATIFA<br \/>\nLugar: Teatro \u00c0ngel Guimer\u00e0<br \/>\nHora: 20.30 h Hora inicio concierto previo: 19.30 h<br \/>\nPrecio: 17 \u20ac<br \/>\nPrecio con descuento: 13 \u20ac<\/p>\n","protected":false},"excerpt":{"rendered":"<p>El pr\u00f3ximo espect\u00e1culo del Teatro \u00c0ngel Guimer\u00e0, este s\u00e1bado 7 de abril, a las 20.30h, ofrece la posibilidad al espectador de pasar una tarde completamente diferente, ya que previamente a la obra &quot;Sota la catifa&quot; tendr\u00e1 lugar un concierto con degustaci\u00f3n de cerveza incluida. En concreto, a las 19.30h, se ofrecer\u00e1 un concierto previo en [&hellip;]<\/p>\n","protected":false},"author":1,"featured_media":23616,"comment_status":"open","ping_status":"closed","sticky":false,"template":"","format":"standard","meta":{"_acf_changed":false,"_et_pb_use_builder":"","_et_pb_old_content":"","_et_gb_content_width":"","content-type":"","footnotes":""},"categories":[],"tags":[],"dipi_cpt_category":[],"class_list":["post-25060","post","type-post","status-publish","format-standard","has-post-thumbnail","hentry"],"acf":[],"_links":{"self":[{"href":"https:\/\/www.elvendrellturisme.com\/es\/wp-json\/wp\/v2\/posts\/25060","targetHints":{"allow":["GET"]}}],"collection":[{"href":"https:\/\/www.elvendrellturisme.com\/es\/wp-json\/wp\/v2\/posts"}],"about":[{"href":"https:\/\/www.elvendrellturisme.com\/es\/wp-json\/wp\/v2\/types\/post"}],"author":[{"embeddable":true,"href":"https:\/\/www.elvendrellturisme.com\/es\/wp-json\/wp\/v2\/users\/1"}],"replies":[{"embeddable":true,"href":"https:\/\/www.elvendrellturisme.com\/es\/wp-json\/wp\/v2\/comments?post=25060"}],"version-history":[{"count":0,"href":"https:\/\/www.elvendrellturisme.com\/es\/wp-json\/wp\/v2\/posts\/25060\/revisions"}],"wp:featuredmedia":[{"embeddable":true,"href":"https:\/\/www.elvendrellturisme.com\/es\/wp-json\/wp\/v2\/media\/23616"}],"wp:attachment":[{"href":"https:\/\/www.elvendrellturisme.com\/es\/wp-json\/wp\/v2\/media?parent=25060"}],"wp:term":[{"taxonomy":"category","embeddable":true,"href":"https:\/\/www.elvendrellturisme.com\/es\/wp-json\/wp\/v2\/categories?post=25060"},{"taxonomy":"post_tag","embeddable":true,"href":"https:\/\/www.elvendrellturisme.com\/es\/wp-json\/wp\/v2\/tags?post=25060"},{"taxonomy":"dipi_cpt_category","embeddable":true,"href":"https:\/\/www.elvendrellturisme.com\/es\/wp-json\/wp\/v2\/dipi_cpt_category?post=25060"}],"curies":[{"name":"wp","href":"https:\/\/api.w.org\/{rel}","templated":true}]}}