{"id":25062,"date":"2018-04-11T11:05:20","date_gmt":"2018-04-11T11:05:20","guid":{"rendered":"http:\/\/tv.dms3labs.cat\/giulia-valle-una-de-las-voces-con-mas-proyeccion-del-jazz-barcelones-en-el-auditorio-pau-casals-este-sabado\/"},"modified":"2018-04-11T11:05:20","modified_gmt":"2018-04-11T11:05:20","slug":"giulia-valle-una-de-las-voces-con-mas-proyeccion-del-jazz-barcelones-en-el-auditorio-pau-casals-este-sabado","status":"publish","type":"post","link":"https:\/\/www.elvendrellturisme.com\/es\/giulia-valle-una-de-las-voces-con-mas-proyeccion-del-jazz-barcelones-en-el-auditorio-pau-casals-este-sabado\/","title":{"rendered":"Giulia Valle, una de las voces con m\u00e1s proyecci\u00f3n del jazz barcelon\u00e9s, en el Auditorio Pau Casals este s\u00e1bado"},"content":{"rendered":"<p>Este s\u00e1bado por la noche llega uno de los platos fuertes del Temporada en el Auditorio Pau Casals: el Giulia Valle Ensemble. Giulia Valle es bandleader, compositora, arreglista y contrabajista. De contexto tanto cl\u00e1sico como moderno, est\u00e1 considerada un imparable prodigio musical. Esta italiana establecida en Barcelona se puede definir como una de las voces m\u00e1s \u00fanicas y especiales del escenario del jazz barcelon\u00e9s contempor\u00e1neo. Su formaci\u00f3n musical la ha llevado a trabajar en Barcelona, \u200b\u200bPar\u00eds, Nueva York, compartiendo experiencias con m\u00fasicos de la talla de John McNeil, Guillermo Klein, Mayte Mart\u00edn, Bill McHenry, Jason Lindner, Carles Benavent o Antonio Canales, entre otros.<\/p>\n<p>Giulia ha desarrollado un s\u00f3lida carrera internacional, que la ha situado en los escenarios jazz\u00edsticos m\u00e1s relevantes del mundo, incluyendo el Montreal Jazz Festival, el Blue Note de Nueva York, San Francisco Jazz, Jamboree o Bimhuis por citar algunos, y su obra ha recibido el apoyo y el elogio de la prensa especializada en todos los continentes.<\/p>\n<p>Retomando el hilo de su conocido Giulia Valle Group, banda que situ\u00f3 la contrabajista entre uno de los m\u00fasicos m\u00e1s emblem\u00e1ticos de la escena europea actual, Giulia Valle nos presenta los inicios del large ensemble que quiere crear: Giulia Valle Ensemble.<\/p>\n<p>A los mismos grandes m\u00fasicos que llev\u00f3 al escenario del Blue Note de Nueva York en su primer viaje a Estados Unidos &#8211; Mart\u00ed Serra (saxo, soprano y tenor), Miguel Pintxo Villar (saxo alto), Roger Mas (piano) y Dani Dom\u00ednguez (bater\u00eda), se unen en esta nueva aventura David Pastor (trompeta) y Vicente Perez (tromb\u00f3n y efectos).<\/p>\n<p>Para comprar entradas anticipadas, hay que dirigirse a la concejal\u00eda de Cultura (La Rambla, 24), tel\u00e9fono 977 66 56 84 (de 10 a 14 h), o bien en la web www.ticketea.com. Tambi\u00e9n se pueden comprar en taquilla, el mismo d\u00eda del concierto.<\/p>\n","protected":false},"excerpt":{"rendered":"<p>Este s\u00e1bado por la noche llega uno de los platos fuertes del Temporada en el Auditorio Pau Casals: el Giulia Valle Ensemble. Giulia Valle es bandleader, compositora, arreglista y contrabajista. De contexto tanto cl\u00e1sico como moderno, est\u00e1 considerada un imparable prodigio musical. Esta italiana establecida en Barcelona se puede definir como una de las voces [&hellip;]<\/p>\n","protected":false},"author":1,"featured_media":23620,"comment_status":"open","ping_status":"closed","sticky":false,"template":"","format":"standard","meta":{"_acf_changed":false,"_et_pb_use_builder":"","_et_pb_old_content":"","_et_gb_content_width":"","content-type":"","footnotes":""},"categories":[],"tags":[],"dipi_cpt_category":[],"class_list":["post-25062","post","type-post","status-publish","format-standard","has-post-thumbnail","hentry"],"acf":[],"_links":{"self":[{"href":"https:\/\/www.elvendrellturisme.com\/es\/wp-json\/wp\/v2\/posts\/25062","targetHints":{"allow":["GET"]}}],"collection":[{"href":"https:\/\/www.elvendrellturisme.com\/es\/wp-json\/wp\/v2\/posts"}],"about":[{"href":"https:\/\/www.elvendrellturisme.com\/es\/wp-json\/wp\/v2\/types\/post"}],"author":[{"embeddable":true,"href":"https:\/\/www.elvendrellturisme.com\/es\/wp-json\/wp\/v2\/users\/1"}],"replies":[{"embeddable":true,"href":"https:\/\/www.elvendrellturisme.com\/es\/wp-json\/wp\/v2\/comments?post=25062"}],"version-history":[{"count":0,"href":"https:\/\/www.elvendrellturisme.com\/es\/wp-json\/wp\/v2\/posts\/25062\/revisions"}],"wp:featuredmedia":[{"embeddable":true,"href":"https:\/\/www.elvendrellturisme.com\/es\/wp-json\/wp\/v2\/media\/23620"}],"wp:attachment":[{"href":"https:\/\/www.elvendrellturisme.com\/es\/wp-json\/wp\/v2\/media?parent=25062"}],"wp:term":[{"taxonomy":"category","embeddable":true,"href":"https:\/\/www.elvendrellturisme.com\/es\/wp-json\/wp\/v2\/categories?post=25062"},{"taxonomy":"post_tag","embeddable":true,"href":"https:\/\/www.elvendrellturisme.com\/es\/wp-json\/wp\/v2\/tags?post=25062"},{"taxonomy":"dipi_cpt_category","embeddable":true,"href":"https:\/\/www.elvendrellturisme.com\/es\/wp-json\/wp\/v2\/dipi_cpt_category?post=25062"}],"curies":[{"name":"wp","href":"https:\/\/api.w.org\/{rel}","templated":true}]}}