{"id":25064,"date":"2018-04-12T12:41:02","date_gmt":"2018-04-12T12:41:02","guid":{"rendered":"http:\/\/tv.dms3labs.cat\/se-presenta-el-bpfest-la-gran-fiesta-de-la-musica-del-baix-penedes\/"},"modified":"2018-04-12T12:41:02","modified_gmt":"2018-04-12T12:41:02","slug":"se-presenta-el-bpfest-la-gran-fiesta-de-la-musica-del-baix-penedes","status":"publish","type":"post","link":"https:\/\/www.elvendrellturisme.com\/es\/se-presenta-el-bpfest-la-gran-fiesta-de-la-musica-del-baix-penedes\/","title":{"rendered":"Se presenta el BPFest, la gran fiesta de la m\u00fasica del Baix Pened\u00e8s"},"content":{"rendered":"<p>El pasado lunes 9 de abril, las Bodegas Avgvstvs Forvm acogieron la rueda de prensa de presentaci\u00f3n del nuevo festival de m\u00fasica BPFest (Baix Pened\u00e8s Festival), organizado por la Asociaci\u00f3n de M\u00fasicos del Baix Pened\u00e8s (AMBP) con el apoyo de la Concejal\u00eda de Cultura del Ayuntamiento de el Vendrell.<\/p>\n<p>El presidente del AMBP, Jordi L\u00f3pez, explic\u00f3 que, tras siete ediciones de la Muestra de grupos de m\u00fasica del Baix Pened\u00e8s, se ha apostado por un evento con m\u00e1s notoriedad para que los m\u00fasicos de la comarca salgan a la calle a presentar sus trabajos al p\u00fablico y a los programadores.<\/p>\n<p> Por un lado, se deja de hacer una muestra itinerante y el BPFest se celebrar\u00e1 en el Vendrell, capital de la comarca, y, por otra parte, se aumenta la actividad para convertirse en la gran fiesta de la m\u00fasica del Baix Pened\u00e8s, manteniendo las jornada profesional que siempre han tenido una buena acogida.<\/p>\n<p>El BPFest tendr\u00e1 lugar el s\u00e1bado 12 de mayo con una veintena de actuaciones. Por la ma\u00f1ana, la Escuela Municipal de M\u00fasica Pau Casals (EMMPAC) acoger\u00e1 la jornada profesional; al mediod\u00eda, se har\u00e1 un doble concierto vermut, y, por la tarde, tendr\u00e1n lugar los conciertos en escenarios repartidos en diferentes espacios del centro de la ciudad.<\/p>\n<p>La concejala de Cultura y Fiestas, Eva M. Serrami\u00e0, destac\u00f3 la importancia de acoger este festival en el Vendrell &quot;porque como capital de comarca tambi\u00e9n debemos ser referente en el \u00e1mbito musical y porque nos gusta llenar de m\u00fasica nuestra villa &quot;.<\/p>\n<p>Desde la organizaci\u00f3n, se adelanta la programaci\u00f3n siguiente a la espera de terminar de confirmar participantes en la jornada profesional y grupos que actuar\u00e1n:<\/p>\n<p>10:30 h &#8211; Caf\u00e9 de bienvenida e inauguraci\u00f3n del BPFest, al EMMPAC.<\/p>\n<p>11 h: L3CM (Las tres claves musicales), en la Sala Agust\u00edn Coh\u00ed Grau, Auditorio del T\u00edvoli.<\/p>\n<p>11.30 h: Charla sobre la autogesti\u00f3n y la captaci\u00f3n de nuevos p\u00fablicos, a cargo de Silvia Duran, Representado del ICEC, en la Sala polivalente Auditorio del T\u00edvoli.<\/p>\n<p>11.30 h: Taller gratuito de percusi\u00f3n para todas las edades, a cargo de \u00c0lex Carasol (musicoterapeuta) que finalizar\u00e1 con un C\u00edrculo de Percusi\u00f3n, en la plaza del T\u00edvoli.<\/p>\n<p>11.30 h a 13 h: Masterclass a cargo de Gloria Maurel (bater\u00eda). Socios de la AMBP: gratuito &#8211; No socios: 8 euros, al EMMPAC.<\/p>\n<p>12.30 h a 12:45 h: Presentaci\u00f3n de la Gu\u00eda de Grupos 2018 con la presencia de Jordi Agr\u00e0s y Estalella, director de los Servicios Territoriales de Cultura en Tarragona; Eva Serrami\u00e0 Rofes, concejala de Cultura del Ayuntamiento de El Vendrell, y Jordi L\u00f3pez Serra, presidente del AMBP, en la Sala polivalente Auditorio del T\u00edvoli.<\/p>\n<p>12.45 a 13:30 h: Presentaci\u00f3n Coproducci\u00f3n AMBP, a cargo del grupo Et-Co *, en la Sala Agust\u00edn Coh\u00ed Grau, Auditorio del T\u00edvoli.<\/p>\n<p>12.30 h: Vermut electr\u00f3nico a cargo de los DJ FerryLip, Dani Many\u00e9, Miki Merka, en la plaza Vieja.<\/p>\n<p>13:00 h: Pasacalles por las calles de la villa y concierto vermut tradicional a cargo de Las cornejas del Baix Pened\u00e8s, en la plaza les Garrofes.<\/p>\n<p>14 h: Comida de Triple Maridaje, a cargo de Cal un Geni (Jordi Guillem), en los Jardines del Museo Deu. Precio: 30 euros.<\/p>\n<p>16.30 h: Mesa redonda &quot;Autogesti\u00f3n musical, opci\u00f3n o necesidad&quot;. Entrada gratuita con caf\u00e9 incluido para todos los asistentes.<\/p>\n<p>17 h a 23 h: 3 escenarios (pl. Vella, pl. de les Garrofes, pl. De Francesc Maci\u00e0) con m\u00e1s de 15 formaciones del Baix Pened\u00e8s que llenar\u00e1n de m\u00fasica y de fiesta la villa de El Vendrell.<\/p>\n<p>20.30 h a 00.00 h: Doble concierto con Gust a cargo de Gemma Humet y la Bellvei Band. Precio de la entrada: 15 euros, con degustaci\u00f3n y copa de cava incluida. En el intermedio habr\u00e1 un peque\u00f1o servicio de restauraci\u00f3n para quien lo desee.<\/p>\n<p>En pr\u00f3ximas comunicaciones, se dar\u00e1 m\u00e1s informaci\u00f3n sobre el programa del BPFest.<\/p>\n","protected":false},"excerpt":{"rendered":"<p>El pasado lunes 9 de abril, las Bodegas Avgvstvs Forvm acogieron la rueda de prensa de presentaci\u00f3n del nuevo festival de m\u00fasica BPFest (Baix Pened\u00e8s Festival), organizado por la Asociaci\u00f3n de M\u00fasicos del Baix Pened\u00e8s (AMBP) con el apoyo de la Concejal\u00eda de Cultura del Ayuntamiento de el Vendrell. El presidente del AMBP, Jordi L\u00f3pez, [&hellip;]<\/p>\n","protected":false},"author":1,"featured_media":23624,"comment_status":"open","ping_status":"closed","sticky":false,"template":"","format":"standard","meta":{"_acf_changed":false,"_et_pb_use_builder":"","_et_pb_old_content":"","_et_gb_content_width":"","content-type":"","footnotes":""},"categories":[],"tags":[],"dipi_cpt_category":[],"class_list":["post-25064","post","type-post","status-publish","format-standard","has-post-thumbnail","hentry"],"acf":[],"_links":{"self":[{"href":"https:\/\/www.elvendrellturisme.com\/es\/wp-json\/wp\/v2\/posts\/25064","targetHints":{"allow":["GET"]}}],"collection":[{"href":"https:\/\/www.elvendrellturisme.com\/es\/wp-json\/wp\/v2\/posts"}],"about":[{"href":"https:\/\/www.elvendrellturisme.com\/es\/wp-json\/wp\/v2\/types\/post"}],"author":[{"embeddable":true,"href":"https:\/\/www.elvendrellturisme.com\/es\/wp-json\/wp\/v2\/users\/1"}],"replies":[{"embeddable":true,"href":"https:\/\/www.elvendrellturisme.com\/es\/wp-json\/wp\/v2\/comments?post=25064"}],"version-history":[{"count":0,"href":"https:\/\/www.elvendrellturisme.com\/es\/wp-json\/wp\/v2\/posts\/25064\/revisions"}],"wp:featuredmedia":[{"embeddable":true,"href":"https:\/\/www.elvendrellturisme.com\/es\/wp-json\/wp\/v2\/media\/23624"}],"wp:attachment":[{"href":"https:\/\/www.elvendrellturisme.com\/es\/wp-json\/wp\/v2\/media?parent=25064"}],"wp:term":[{"taxonomy":"category","embeddable":true,"href":"https:\/\/www.elvendrellturisme.com\/es\/wp-json\/wp\/v2\/categories?post=25064"},{"taxonomy":"post_tag","embeddable":true,"href":"https:\/\/www.elvendrellturisme.com\/es\/wp-json\/wp\/v2\/tags?post=25064"},{"taxonomy":"dipi_cpt_category","embeddable":true,"href":"https:\/\/www.elvendrellturisme.com\/es\/wp-json\/wp\/v2\/dipi_cpt_category?post=25064"}],"curies":[{"name":"wp","href":"https:\/\/api.w.org\/{rel}","templated":true}]}}