{"id":25070,"date":"2018-04-19T10:29:04","date_gmt":"2018-04-19T10:29:04","guid":{"rendered":"http:\/\/tv.dms3labs.cat\/el-ayuntamiento-de-el-vendrell-edita-por-sant-jordi-la-historia-de-los-500-anos-de-la-casa-del-portal-del-pardo\/"},"modified":"2018-04-19T10:29:04","modified_gmt":"2018-04-19T10:29:04","slug":"el-ayuntamiento-de-el-vendrell-edita-por-sant-jordi-la-historia-de-los-500-anos-de-la-casa-del-portal-del-pardo","status":"publish","type":"post","link":"https:\/\/www.elvendrellturisme.com\/es\/el-ayuntamiento-de-el-vendrell-edita-por-sant-jordi-la-historia-de-los-500-anos-de-la-casa-del-portal-del-pardo\/","title":{"rendered":"El Ayuntamiento de El Vendrell edita por Sant Jordi la historia de los 500 a\u00f1os de la Casa del Portal del Pardo"},"content":{"rendered":"<p>S\u00e1bado 21 de abril, a las 11:30 h, en la sede de la Fundaci\u00f3n Apel\u00b7les Fenosa de El Vendrell (c \/ Mayor, 25), se presentar\u00e1 el libro Portal del Pardo, 500 a\u00f1os, que ha sido editado por el Ayuntamiento de el Vendrell, en la colecci\u00f3n &quot;el \u00c1ngel Negro&quot;, con motivo de la Diada de Sant Jordi y para celebrar los quinientos a\u00f1os del edificio.<\/p>\n<p>El acto ser\u00e1 presidido por el alcalde de El Vendrell, Mart\u00ed Carnicer, y la concejala de Cultura, Eva M. Serrami\u00e0, y estar\u00e1n presentes los autores del libro: Natividad Castej\u00f3n Dom\u00e8nech, Neus Oliveras Samitier, \u00c0ngels Santacana Figuerola, Raimon Carrasco, Pau Arroyo Casals, Raquel Stolz Back, Vicen\u00e7 Cabr\u00e9 Brugulat, Gerard Guinovart Rafecas y Enric Sent\u00eds Roig.<\/p>\n<p>La Casa del Portal del Pardo es el edificio civil m\u00e1s antiguo conservado en el Vendrell y, a la vez, su historia ilustra el devenir de la propia villa de El Vendrell. El primer documento donde consta el palacio renacentista a fecha de 1518 y fue construido por la familia Nin en la entrada de una de las puertas de la muralla de El Vendrell. Esta rica familia de comerciantes fue propietaria de la casa hasta el comienzo del siglo XVIII, cuando se convirti\u00f3 en cuartel de caballer\u00eda, y pas\u00f3 por varios propietarios hasta que Gertrudis Trillas de Serrat la hered\u00f3. El matrimonio de esta pubilla vendrellenca con el c\u00f3nsul de Francia en Barcelona hizo renacer la casa, que fue rehabilitada con los caracter\u00edsticos esgrafiados que luc\u00eda en la fachada. Entrado ya el siglo XIX, la Casa del Portal del Pardo pas\u00f3 a manos de la familia Guimer\u00e0, que la conserv\u00f3 hasta que, en 1957, la compr\u00f3 el escultor Apel\u00b7les Fenosa y ahora es la sede de su fundaci\u00f3n.<\/p>\n<p>Los autores del libro han encontrado todos los documentos que perfilan los propietarios de la casa en las diversas \u00e9pocas y explican c\u00f3mo eran sus vidas hasta el punto de que la publicaci\u00f3n se convierte en una ilustraci\u00f3n sociol\u00f3gica del Vendrell en estos cinco siglos de historia.<\/p>\n<p>El \u00edndice del libro es el siguiente:<\/p>\n<p>    Escrito del alcalde, Mart\u00ed Carnicer Vidal<\/p>\n<p>    Las estirpes del siglo xvi al xx en la Casa-museo de Apel\u00b7les Fenosa, por Natividad Castej\u00f3n Dom\u00e8nech<\/p>\n<p>    87 cartas: los Guimer\u00e0 el Portal del Pardo, por Neus Oliveras Samitier y \u00c0ngels Santacana Figuerola<\/p>\n<p>    El matrimonio Folch-Guimer\u00e0: documentos para su biograf\u00eda, por Natividad Castej\u00f3n Dom\u00e8nech<\/p>\n<p>    Portal Fenosa, por Raimon Carrasco<\/p>\n<p>    El edificio del Portal del Pardo, por Pau Arroyo Casals<\/p>\n<p>    La construcci\u00f3n del siglo XVI y la Torre del Corral\u00f3 de Cal Cintet en la casa del Portal, por Raquel Stolz Back<\/p>\n<p>    La Casa del Portal del Pardo, una historia urbana, por Vicen\u00e7 Cabr\u00e9 Brugulat, Natividad Castej\u00f3n Dom\u00e8nech, Gerard Guinovart Rafecas y Enric Sent\u00eds Roig<\/p>\n<p>Foto: Nicole Florensa (1957)<\/p>\n","protected":false},"excerpt":{"rendered":"<p>S\u00e1bado 21 de abril, a las 11:30 h, en la sede de la Fundaci\u00f3n Apel\u00b7les Fenosa de El Vendrell (c \/ Mayor, 25), se presentar\u00e1 el libro Portal del Pardo, 500 a\u00f1os, que ha sido editado por el Ayuntamiento de el Vendrell, en la colecci\u00f3n &quot;el \u00c1ngel Negro&quot;, con motivo de la Diada de Sant [&hellip;]<\/p>\n","protected":false},"author":1,"featured_media":23636,"comment_status":"open","ping_status":"closed","sticky":false,"template":"","format":"standard","meta":{"_acf_changed":false,"_et_pb_use_builder":"","_et_pb_old_content":"","_et_gb_content_width":"","content-type":"","footnotes":""},"categories":[],"tags":[],"dipi_cpt_category":[],"class_list":["post-25070","post","type-post","status-publish","format-standard","has-post-thumbnail","hentry"],"acf":[],"_links":{"self":[{"href":"https:\/\/www.elvendrellturisme.com\/es\/wp-json\/wp\/v2\/posts\/25070","targetHints":{"allow":["GET"]}}],"collection":[{"href":"https:\/\/www.elvendrellturisme.com\/es\/wp-json\/wp\/v2\/posts"}],"about":[{"href":"https:\/\/www.elvendrellturisme.com\/es\/wp-json\/wp\/v2\/types\/post"}],"author":[{"embeddable":true,"href":"https:\/\/www.elvendrellturisme.com\/es\/wp-json\/wp\/v2\/users\/1"}],"replies":[{"embeddable":true,"href":"https:\/\/www.elvendrellturisme.com\/es\/wp-json\/wp\/v2\/comments?post=25070"}],"version-history":[{"count":0,"href":"https:\/\/www.elvendrellturisme.com\/es\/wp-json\/wp\/v2\/posts\/25070\/revisions"}],"wp:featuredmedia":[{"embeddable":true,"href":"https:\/\/www.elvendrellturisme.com\/es\/wp-json\/wp\/v2\/media\/23636"}],"wp:attachment":[{"href":"https:\/\/www.elvendrellturisme.com\/es\/wp-json\/wp\/v2\/media?parent=25070"}],"wp:term":[{"taxonomy":"category","embeddable":true,"href":"https:\/\/www.elvendrellturisme.com\/es\/wp-json\/wp\/v2\/categories?post=25070"},{"taxonomy":"post_tag","embeddable":true,"href":"https:\/\/www.elvendrellturisme.com\/es\/wp-json\/wp\/v2\/tags?post=25070"},{"taxonomy":"dipi_cpt_category","embeddable":true,"href":"https:\/\/www.elvendrellturisme.com\/es\/wp-json\/wp\/v2\/dipi_cpt_category?post=25070"}],"curies":[{"name":"wp","href":"https:\/\/api.w.org\/{rel}","templated":true}]}}