{"id":25072,"date":"2018-04-24T13:32:38","date_gmt":"2018-04-24T13:32:38","guid":{"rendered":"http:\/\/tv.dms3labs.cat\/aparecen-tres-fragmentos-escultoricos-renacentistas-en-la-casa-del-portal-del-pardo\/"},"modified":"2018-04-24T13:32:38","modified_gmt":"2018-04-24T13:32:38","slug":"aparecen-tres-fragmentos-escultoricos-renacentistas-en-la-casa-del-portal-del-pardo","status":"publish","type":"post","link":"https:\/\/www.elvendrellturisme.com\/es\/aparecen-tres-fragmentos-escultoricos-renacentistas-en-la-casa-del-portal-del-pardo\/","title":{"rendered":"Aparecen tres fragmentos escult\u00f3ricos renacentistas en la Casa del Portal del Pardo"},"content":{"rendered":"<p>Justo cuando se acaba de publicar el libro sobre la Casa del Portal del Pardo, con motivo de la conmemoraci\u00f3n de sus 500 a\u00f1os, la Fundaci\u00f3n Apel\u00b7les Fenosa ha descubierto tres fragmentos de la decoraci\u00f3n escult\u00f3rica de la fachada.<\/p>\n<p>Mientras se estaban preparando los embalajes para la esculturas que se presentar\u00e1n el pr\u00f3ximo mes en la muestra &quot;Universo Fenosa&quot; en D&#8217;Or Museum de Sant Juli\u00e0 de Ramis (Girona), el azar ha provocado que el director de la Fundaci\u00f3n haya encontrado una caja que conten\u00eda tres esculturas del siglo XVI, que hab\u00edan estado conservadas y guardadas por Apel\u00b7les y Nicole Fenosa.<\/p>\n<p>A trav\u00e9s del libro sobre la Casa del Portal del Pardo, se sabe que Luis Nin, de gran capacidad adquisitiva y solvencia econ\u00f3mica, fue su propietario en 1527 y que fue el art\u00edfice de la rehabilitaci\u00f3n del edificio con el estilo renacentista que lo caracteriza. En esta reconstrucci\u00f3n se levant\u00f3 la torre encima del portal. Por lo tanto, Luis Nin fue el promotor del palacio renacentista con la estructura similar que vemos actualmente y con su caracter\u00edstica decoraci\u00f3n de relieves con los grotescos de la \u00e9poca.<\/p>\n<p>Esta iconograf\u00eda se puso de moda en Europa tras el descubrimiento de la Domus Aurea de Ner\u00f3n, en Roma. Elementos vegetales se combinan con quimeras y animales mitol\u00f3gicos, siempre con composiciones sim\u00e9tricas. En la fachada, fuera murallas, hay una inscripci\u00f3n con el monograma IHS que representa Jes\u00fas. En la parte superior de la casa hay una galer\u00eda a base de arcos rebajados lobulados. Los tres fragmentos escult\u00f3ricos corresponden a un animal alado con cabeza de ave, que seguramente estaba en uno de los frisos de los ventanales; a un drag\u00f3n, que formaba parte de una voluta, y en un elemento decorativo vegetal.<\/p>\n<p>Este descubrimiento, que se expondr\u00e1 en breve en una vitrina visible desde la calle, recuerda la importancia de la decoraci\u00f3n del edificio, un claro ejemplo renacentista de la comarca.<\/p>\n","protected":false},"excerpt":{"rendered":"<p>Justo cuando se acaba de publicar el libro sobre la Casa del Portal del Pardo, con motivo de la conmemoraci\u00f3n de sus 500 a\u00f1os, la Fundaci\u00f3n Apel\u00b7les Fenosa ha descubierto tres fragmentos de la decoraci\u00f3n escult\u00f3rica de la fachada. Mientras se estaban preparando los embalajes para la esculturas que se presentar\u00e1n el pr\u00f3ximo mes en [&hellip;]<\/p>\n","protected":false},"author":1,"featured_media":23640,"comment_status":"open","ping_status":"closed","sticky":false,"template":"","format":"standard","meta":{"_acf_changed":false,"_et_pb_use_builder":"","_et_pb_old_content":"","_et_gb_content_width":"","content-type":"","footnotes":""},"categories":[],"tags":[],"dipi_cpt_category":[],"class_list":["post-25072","post","type-post","status-publish","format-standard","has-post-thumbnail","hentry"],"acf":[],"_links":{"self":[{"href":"https:\/\/www.elvendrellturisme.com\/es\/wp-json\/wp\/v2\/posts\/25072","targetHints":{"allow":["GET"]}}],"collection":[{"href":"https:\/\/www.elvendrellturisme.com\/es\/wp-json\/wp\/v2\/posts"}],"about":[{"href":"https:\/\/www.elvendrellturisme.com\/es\/wp-json\/wp\/v2\/types\/post"}],"author":[{"embeddable":true,"href":"https:\/\/www.elvendrellturisme.com\/es\/wp-json\/wp\/v2\/users\/1"}],"replies":[{"embeddable":true,"href":"https:\/\/www.elvendrellturisme.com\/es\/wp-json\/wp\/v2\/comments?post=25072"}],"version-history":[{"count":0,"href":"https:\/\/www.elvendrellturisme.com\/es\/wp-json\/wp\/v2\/posts\/25072\/revisions"}],"wp:featuredmedia":[{"embeddable":true,"href":"https:\/\/www.elvendrellturisme.com\/es\/wp-json\/wp\/v2\/media\/23640"}],"wp:attachment":[{"href":"https:\/\/www.elvendrellturisme.com\/es\/wp-json\/wp\/v2\/media?parent=25072"}],"wp:term":[{"taxonomy":"category","embeddable":true,"href":"https:\/\/www.elvendrellturisme.com\/es\/wp-json\/wp\/v2\/categories?post=25072"},{"taxonomy":"post_tag","embeddable":true,"href":"https:\/\/www.elvendrellturisme.com\/es\/wp-json\/wp\/v2\/tags?post=25072"},{"taxonomy":"dipi_cpt_category","embeddable":true,"href":"https:\/\/www.elvendrellturisme.com\/es\/wp-json\/wp\/v2\/dipi_cpt_category?post=25072"}],"curies":[{"name":"wp","href":"https:\/\/api.w.org\/{rel}","templated":true}]}}