{"id":25073,"date":"2018-04-24T13:37:21","date_gmt":"2018-04-24T13:37:21","guid":{"rendered":"http:\/\/tv.dms3labs.cat\/13a-muestra-de-arte-y-artes-aplicadas-en-el-paseo-maritimo-de-comarruga\/"},"modified":"2018-04-24T13:37:21","modified_gmt":"2018-04-24T13:37:21","slug":"13a-muestra-de-arte-y-artes-aplicadas-en-el-paseo-maritimo-de-comarruga","status":"publish","type":"post","link":"https:\/\/www.elvendrellturisme.com\/es\/13a-muestra-de-arte-y-artes-aplicadas-en-el-paseo-maritimo-de-comarruga\/","title":{"rendered":"13\u00aa Muestra de arte y artes aplicadas en el paseo Mar\u00edtimo de Comarruga"},"content":{"rendered":"<p>El s\u00e1bado 28 de abril se celebrar\u00e1 la 13\u00aa Muestra de arte y artes aplicadas en el paseo Mar\u00edtimo de Comarruga.<\/p>\n<p>Se trata de una muestra anual que re\u00fane artesanos y artistas con el fin de exponer y vender sus productos elaborados manualmente (pintura, cer\u00e1mica, madera, hierro, textil, papel, etc.).<\/p>\n","protected":false},"excerpt":{"rendered":"<p>El s\u00e1bado 28 de abril se celebrar\u00e1 la 13\u00aa Muestra de arte y artes aplicadas en el paseo Mar\u00edtimo de Comarruga. Se trata de una muestra anual que re\u00fane artesanos y artistas con el fin de exponer y vender sus productos elaborados manualmente (pintura, cer\u00e1mica, madera, hierro, textil, papel, etc.).<\/p>\n","protected":false},"author":1,"featured_media":23642,"comment_status":"open","ping_status":"closed","sticky":false,"template":"","format":"standard","meta":{"_acf_changed":false,"_et_pb_use_builder":"","_et_pb_old_content":"","_et_gb_content_width":"","content-type":"","footnotes":""},"categories":[],"tags":[],"dipi_cpt_category":[],"class_list":["post-25073","post","type-post","status-publish","format-standard","has-post-thumbnail","hentry"],"acf":[],"_links":{"self":[{"href":"https:\/\/www.elvendrellturisme.com\/es\/wp-json\/wp\/v2\/posts\/25073","targetHints":{"allow":["GET"]}}],"collection":[{"href":"https:\/\/www.elvendrellturisme.com\/es\/wp-json\/wp\/v2\/posts"}],"about":[{"href":"https:\/\/www.elvendrellturisme.com\/es\/wp-json\/wp\/v2\/types\/post"}],"author":[{"embeddable":true,"href":"https:\/\/www.elvendrellturisme.com\/es\/wp-json\/wp\/v2\/users\/1"}],"replies":[{"embeddable":true,"href":"https:\/\/www.elvendrellturisme.com\/es\/wp-json\/wp\/v2\/comments?post=25073"}],"version-history":[{"count":0,"href":"https:\/\/www.elvendrellturisme.com\/es\/wp-json\/wp\/v2\/posts\/25073\/revisions"}],"wp:featuredmedia":[{"embeddable":true,"href":"https:\/\/www.elvendrellturisme.com\/es\/wp-json\/wp\/v2\/media\/23642"}],"wp:attachment":[{"href":"https:\/\/www.elvendrellturisme.com\/es\/wp-json\/wp\/v2\/media?parent=25073"}],"wp:term":[{"taxonomy":"category","embeddable":true,"href":"https:\/\/www.elvendrellturisme.com\/es\/wp-json\/wp\/v2\/categories?post=25073"},{"taxonomy":"post_tag","embeddable":true,"href":"https:\/\/www.elvendrellturisme.com\/es\/wp-json\/wp\/v2\/tags?post=25073"},{"taxonomy":"dipi_cpt_category","embeddable":true,"href":"https:\/\/www.elvendrellturisme.com\/es\/wp-json\/wp\/v2\/dipi_cpt_category?post=25073"}],"curies":[{"name":"wp","href":"https:\/\/api.w.org\/{rel}","templated":true}]}}