{"id":25081,"date":"2018-05-04T11:53:56","date_gmt":"2018-05-04T11:53:56","guid":{"rendered":"http:\/\/tv.dms3labs.cat\/los-museologos-catalanes-seleccionan-la-fundacion-apel%c2%b7les-fenosa\/"},"modified":"2018-05-04T11:53:56","modified_gmt":"2018-05-04T11:53:56","slug":"los-museologos-catalanes-seleccionan-la-fundacion-apel%c2%b7les-fenosa","status":"publish","type":"post","link":"https:\/\/www.elvendrellturisme.com\/es\/los-museologos-catalanes-seleccionan-la-fundacion-apel%c2%b7les-fenosa\/","title":{"rendered":"Los muse\u00f3logos catalanes seleccionan la Fundaci\u00f3n Apel\u00b7les Fenosa"},"content":{"rendered":"<p>La Asociaci\u00f3n de Muse\u00f3logos de Catalu\u00f1a, que re\u00fane a los directores y conservadores de las principales instituciones museogr\u00e1ficas catalanas, otorga anualmente sus premios a las categor\u00edas de mejor exposici\u00f3n del a\u00f1o anterior.<\/p>\n<p>En esta categor\u00eda, ha sido nominada como finalista la Fundaci\u00f3n Apel\u00b7les Fenosa de El Vendrell por su proyecto expositivo de los LOGICOFOBISTES, muestra que fue inaugurada en el a\u00f1o 2016 en la sede de la Fundaci\u00f3n y que itinerar, a lo largo de la a\u00f1o 2017, en el Museo de Matar\u00f3, en el Museo de Sabadell, en el Museo de Mollet del Vall\u00e9s, en el Museo de Sitges y en el Museo de Granollers. A cada paso, la muestra se complement\u00f3 con la atenci\u00f3n focalizada en el logicofobista nacido en estas ciudades. Por este motivo la Asociaci\u00f3n de Muse\u00f3logos reconoce la labor de investigaci\u00f3n de este proyecto, as\u00ed como la relaci\u00f3n provocada entre todos estos museos. Hay que decir que, aparte de la Fundaci\u00f3n Apel\u00b7les Fenosa, s\u00f3lo ha resultado finalista otro proyecto de la demarcaci\u00f3n de Tarragona, impulsado por el Museo Arqueol\u00f3gico de Tarragona.<\/p>\n<p>Hasta el 13 de mayo, los socios de la Asociaci\u00f3n de Muse\u00f3logos de Catalu\u00f1a pueden votar a una candidatura de cada modalidad.<\/p>\n<p>Web de la Asociaci\u00f3n de Muse\u00f3logos de Catalu\u00f1a: https:\/\/www.museologia.cat\/<\/p>\n","protected":false},"excerpt":{"rendered":"<p>La Asociaci\u00f3n de Muse\u00f3logos de Catalu\u00f1a, que re\u00fane a los directores y conservadores de las principales instituciones museogr\u00e1ficas catalanas, otorga anualmente sus premios a las categor\u00edas de mejor exposici\u00f3n del a\u00f1o anterior. En esta categor\u00eda, ha sido nominada como finalista la Fundaci\u00f3n Apel\u00b7les Fenosa de El Vendrell por su proyecto expositivo de los LOGICOFOBISTES, muestra [&hellip;]<\/p>\n","protected":false},"author":1,"featured_media":23658,"comment_status":"open","ping_status":"closed","sticky":false,"template":"","format":"standard","meta":{"_acf_changed":false,"_et_pb_use_builder":"","_et_pb_old_content":"","_et_gb_content_width":"","content-type":"","footnotes":""},"categories":[],"tags":[],"dipi_cpt_category":[],"class_list":["post-25081","post","type-post","status-publish","format-standard","has-post-thumbnail","hentry"],"acf":[],"_links":{"self":[{"href":"https:\/\/www.elvendrellturisme.com\/es\/wp-json\/wp\/v2\/posts\/25081","targetHints":{"allow":["GET"]}}],"collection":[{"href":"https:\/\/www.elvendrellturisme.com\/es\/wp-json\/wp\/v2\/posts"}],"about":[{"href":"https:\/\/www.elvendrellturisme.com\/es\/wp-json\/wp\/v2\/types\/post"}],"author":[{"embeddable":true,"href":"https:\/\/www.elvendrellturisme.com\/es\/wp-json\/wp\/v2\/users\/1"}],"replies":[{"embeddable":true,"href":"https:\/\/www.elvendrellturisme.com\/es\/wp-json\/wp\/v2\/comments?post=25081"}],"version-history":[{"count":0,"href":"https:\/\/www.elvendrellturisme.com\/es\/wp-json\/wp\/v2\/posts\/25081\/revisions"}],"wp:featuredmedia":[{"embeddable":true,"href":"https:\/\/www.elvendrellturisme.com\/es\/wp-json\/wp\/v2\/media\/23658"}],"wp:attachment":[{"href":"https:\/\/www.elvendrellturisme.com\/es\/wp-json\/wp\/v2\/media?parent=25081"}],"wp:term":[{"taxonomy":"category","embeddable":true,"href":"https:\/\/www.elvendrellturisme.com\/es\/wp-json\/wp\/v2\/categories?post=25081"},{"taxonomy":"post_tag","embeddable":true,"href":"https:\/\/www.elvendrellturisme.com\/es\/wp-json\/wp\/v2\/tags?post=25081"},{"taxonomy":"dipi_cpt_category","embeddable":true,"href":"https:\/\/www.elvendrellturisme.com\/es\/wp-json\/wp\/v2\/dipi_cpt_category?post=25081"}],"curies":[{"name":"wp","href":"https:\/\/api.w.org\/{rel}","templated":true}]}}